{"id":52,"date":"2022-12-31T11:42:15","date_gmt":"2022-12-31T14:42:15","guid":{"rendered":"https:\/\/redepermacultura.ufsc.br\/ufopa\/?p=52"},"modified":"2022-12-31T11:59:24","modified_gmt":"2022-12-31T14:59:24","slug":"visita-a-sitio-na-franca","status":"publish","type":"post","link":"https:\/\/redepermacultura.ufsc.br\/ufopa\/2022\/12\/31\/visita-a-sitio-na-franca\/","title":{"rendered":"Visita \u00e0 S\u00edtio na Fran\u00e7a"},"content":{"rendered":"\r\n<p>No dia 02 de dezembro de 2022 realizamos uma visita ao S\u00edtio localizado na regi\u00e3o entorno de Le Mans na Fran\u00e7a.<\/p>\r\n<p>O s\u00edtio do casal, o franc\u00eas Fran\u00e7ois e a brasileira Ant\u00f4nia. Nesta visita fomos muito bem recebidos e companhados pela Ant\u00f4nia, que pacientemente nos mostrou toda propriedade, estruturas e seus componentes animais (galinhas, gatos). No dia da visita a temperatura estava bastante baixa. Salientamos que a temperatura nesta \u00e9poca do ano (Dezembro), nesta regi\u00e3o pode ser pr\u00f3xima a zero graus c\u00e9lsius.<\/p>\r\n<figure id=\"attachment_56\" aria-describedby=\"caption-attachment-56\" style=\"width: 225px\" class=\"wp-caption alignnone\"><img decoding=\"async\" class=\"wp-image-56 size-medium\" src=\"http:\/\/redepermacultura.ufsc.br\/ufopa\/wp-content\/uploads\/sites\/4\/2022\/12\/20221202_153606-225x300.jpg\" alt=\"\" width=\"225\" height=\"300\" srcset=\"https:\/\/redepermacultura.ufsc.br\/ufopa\/wp-content\/uploads\/sites\/4\/2022\/12\/20221202_153606-225x300.jpg 225w, https:\/\/redepermacultura.ufsc.br\/ufopa\/wp-content\/uploads\/sites\/4\/2022\/12\/20221202_153606-768x1024.jpg 768w, https:\/\/redepermacultura.ufsc.br\/ufopa\/wp-content\/uploads\/sites\/4\/2022\/12\/20221202_153606-1152x1536.jpg 1152w, https:\/\/redepermacultura.ufsc.br\/ufopa\/wp-content\/uploads\/sites\/4\/2022\/12\/20221202_153606-1536x2048.jpg 1536w, https:\/\/redepermacultura.ufsc.br\/ufopa\/wp-content\/uploads\/sites\/4\/2022\/12\/20221202_153606-1200x1600.jpg 1200w, https:\/\/redepermacultura.ufsc.br\/ufopa\/wp-content\/uploads\/sites\/4\/2022\/12\/20221202_153606-scaled.jpg 1920w\" sizes=\"(max-width: 225px) 85vw, 225px\" \/><figcaption id=\"caption-attachment-56\" class=\"wp-caption-text\">Vis\u00e3o do s\u00edtio. Em primeiro plano Ant\u00f4nia com seu gato e Daniele. Ao fundo o galinheiro. Fonte: Arquivo pessoal.<\/figcaption><\/figure>\r\n<p>&nbsp;<\/p>\r\n<p>Sistema de armazenamento de carboidratos da safra realizada na propriedade, estocada para o per\u00edodo de inverno (Dez a Mar\u00e7o) e primavera (Abril a Julho).<\/p>\r\n<figure id=\"attachment_57\" aria-describedby=\"caption-attachment-57\" style=\"width: 225px\" class=\"wp-caption alignnone\"><img decoding=\"async\" class=\"wp-image-57 size-medium\" src=\"http:\/\/redepermacultura.ufsc.br\/ufopa\/wp-content\/uploads\/sites\/4\/2022\/12\/20221202_153936-225x300.jpg\" alt=\"\" width=\"225\" height=\"300\" srcset=\"https:\/\/redepermacultura.ufsc.br\/ufopa\/wp-content\/uploads\/sites\/4\/2022\/12\/20221202_153936-225x300.jpg 225w, https:\/\/redepermacultura.ufsc.br\/ufopa\/wp-content\/uploads\/sites\/4\/2022\/12\/20221202_153936-768x1024.jpg 768w, https:\/\/redepermacultura.ufsc.br\/ufopa\/wp-content\/uploads\/sites\/4\/2022\/12\/20221202_153936-1152x1536.jpg 1152w, https:\/\/redepermacultura.ufsc.br\/ufopa\/wp-content\/uploads\/sites\/4\/2022\/12\/20221202_153936-1536x2048.jpg 1536w, https:\/\/redepermacultura.ufsc.br\/ufopa\/wp-content\/uploads\/sites\/4\/2022\/12\/20221202_153936-1200x1600.jpg 1200w, https:\/\/redepermacultura.ufsc.br\/ufopa\/wp-content\/uploads\/sites\/4\/2022\/12\/20221202_153936-scaled.jpg 1920w\" sizes=\"(max-width: 225px) 85vw, 225px\" \/><figcaption id=\"caption-attachment-57\" class=\"wp-caption-text\">Baldes semi-submersos para armazenamento no ambiente. Fonte: Arquivo pessoal.<\/figcaption><\/figure>\r\n<figure id=\"attachment_58\" aria-describedby=\"caption-attachment-58\" style=\"width: 225px\" class=\"wp-caption alignnone\"><img decoding=\"async\" class=\"wp-image-58 size-medium\" src=\"http:\/\/redepermacultura.ufsc.br\/ufopa\/wp-content\/uploads\/sites\/4\/2022\/12\/20221202_154033-225x300.jpg\" alt=\"\" width=\"225\" height=\"300\" srcset=\"https:\/\/redepermacultura.ufsc.br\/ufopa\/wp-content\/uploads\/sites\/4\/2022\/12\/20221202_154033-225x300.jpg 225w, https:\/\/redepermacultura.ufsc.br\/ufopa\/wp-content\/uploads\/sites\/4\/2022\/12\/20221202_154033-768x1024.jpg 768w, https:\/\/redepermacultura.ufsc.br\/ufopa\/wp-content\/uploads\/sites\/4\/2022\/12\/20221202_154033-1152x1536.jpg 1152w, https:\/\/redepermacultura.ufsc.br\/ufopa\/wp-content\/uploads\/sites\/4\/2022\/12\/20221202_154033-1536x2048.jpg 1536w, https:\/\/redepermacultura.ufsc.br\/ufopa\/wp-content\/uploads\/sites\/4\/2022\/12\/20221202_154033-1200x1600.jpg 1200w, https:\/\/redepermacultura.ufsc.br\/ufopa\/wp-content\/uploads\/sites\/4\/2022\/12\/20221202_154033-scaled.jpg 1920w\" sizes=\"(max-width: 225px) 85vw, 225px\" \/><figcaption id=\"caption-attachment-58\" class=\"wp-caption-text\">Batatas armazenadas no balde. Fonte: Arquivo pessoal.<\/figcaption><\/figure>\r\n<p>Canteiros j\u00e1 com poucos legumes e verduras parcialmente queimadas por conta do frio intenso j\u00e1 ocorrido na \u00e1rea.<\/p>\r\n<figure id=\"attachment_59\" aria-describedby=\"caption-attachment-59\" style=\"width: 225px\" class=\"wp-caption alignnone\"><img decoding=\"async\" class=\"wp-image-59 size-medium\" src=\"http:\/\/redepermacultura.ufsc.br\/ufopa\/wp-content\/uploads\/sites\/4\/2022\/12\/20221202_153330-225x300.jpg\" alt=\"\" width=\"225\" height=\"300\" srcset=\"https:\/\/redepermacultura.ufsc.br\/ufopa\/wp-content\/uploads\/sites\/4\/2022\/12\/20221202_153330-225x300.jpg 225w, https:\/\/redepermacultura.ufsc.br\/ufopa\/wp-content\/uploads\/sites\/4\/2022\/12\/20221202_153330-768x1024.jpg 768w, https:\/\/redepermacultura.ufsc.br\/ufopa\/wp-content\/uploads\/sites\/4\/2022\/12\/20221202_153330-1152x1536.jpg 1152w, https:\/\/redepermacultura.ufsc.br\/ufopa\/wp-content\/uploads\/sites\/4\/2022\/12\/20221202_153330-1536x2048.jpg 1536w, https:\/\/redepermacultura.ufsc.br\/ufopa\/wp-content\/uploads\/sites\/4\/2022\/12\/20221202_153330-1200x1600.jpg 1200w, https:\/\/redepermacultura.ufsc.br\/ufopa\/wp-content\/uploads\/sites\/4\/2022\/12\/20221202_153330-scaled.jpg 1920w\" sizes=\"(max-width: 225px) 85vw, 225px\" \/><figcaption id=\"caption-attachment-59\" class=\"wp-caption-text\">Canteiros atingidos pelo frio Fonte: Arquivo pessoal.<\/figcaption><\/figure>\r\n<p>Sistema de saneamento das \u00e1guas da zona zero.<\/p>\r\n<figure id=\"attachment_60\" aria-describedby=\"caption-attachment-60\" style=\"width: 225px\" class=\"wp-caption alignnone\"><img decoding=\"async\" class=\"wp-image-60 size-medium\" src=\"http:\/\/redepermacultura.ufsc.br\/ufopa\/wp-content\/uploads\/sites\/4\/2022\/12\/20221202_153926-225x300.jpg\" alt=\"\" width=\"225\" height=\"300\" srcset=\"https:\/\/redepermacultura.ufsc.br\/ufopa\/wp-content\/uploads\/sites\/4\/2022\/12\/20221202_153926-225x300.jpg 225w, https:\/\/redepermacultura.ufsc.br\/ufopa\/wp-content\/uploads\/sites\/4\/2022\/12\/20221202_153926-768x1024.jpg 768w, https:\/\/redepermacultura.ufsc.br\/ufopa\/wp-content\/uploads\/sites\/4\/2022\/12\/20221202_153926-1152x1536.jpg 1152w, https:\/\/redepermacultura.ufsc.br\/ufopa\/wp-content\/uploads\/sites\/4\/2022\/12\/20221202_153926-1536x2048.jpg 1536w, https:\/\/redepermacultura.ufsc.br\/ufopa\/wp-content\/uploads\/sites\/4\/2022\/12\/20221202_153926-1200x1600.jpg 1200w, https:\/\/redepermacultura.ufsc.br\/ufopa\/wp-content\/uploads\/sites\/4\/2022\/12\/20221202_153926-scaled.jpg 1920w\" sizes=\"(max-width: 225px) 85vw, 225px\" \/><figcaption id=\"caption-attachment-60\" class=\"wp-caption-text\">Sistema de saneamento das \u00e1guas Fonte: Arquivo pessoal.<\/figcaption><\/figure>\r\n<p>Localizado na comuna francesa de\u00a0 M\u00e9zi\u00e8res-sous-Lavardin regi\u00e3o do Pa\u00eds do Loire, no departamento de Sarthe. Esta c0muna estende-se por uma \u00e1rea de 15.3 km\u00b2. Em 2018 a comuna tinha 697 habitantes. A seguir uma imagem com a localiza\u00e7\u00e3o aproximada do s\u00edtio, \u00e0 direita da imagem e o povoado da comuna de M\u00e9zi\u00e8res-sous-Lavardin, \u00e0 esquerda. Nas fontes encontra-se o link para abrir a imagem do OSM no navegador.<\/p>\r\n<figure id=\"attachment_55\" aria-describedby=\"caption-attachment-55\" style=\"width: 300px\" class=\"wp-caption alignnone\"><img decoding=\"async\" class=\"wp-image-55 size-medium\" src=\"http:\/\/redepermacultura.ufsc.br\/ufopa\/wp-content\/uploads\/sites\/4\/2022\/12\/Captura-de-tela-de-2022-12-26-16-52-33-300x175.png\" alt=\"Localiza\u00e7\u00e3o do s\u00edtio Fran\u00e7a\" width=\"300\" height=\"175\" srcset=\"https:\/\/redepermacultura.ufsc.br\/ufopa\/wp-content\/uploads\/sites\/4\/2022\/12\/Captura-de-tela-de-2022-12-26-16-52-33-300x175.png 300w, https:\/\/redepermacultura.ufsc.br\/ufopa\/wp-content\/uploads\/sites\/4\/2022\/12\/Captura-de-tela-de-2022-12-26-16-52-33-1024x596.png 1024w, https:\/\/redepermacultura.ufsc.br\/ufopa\/wp-content\/uploads\/sites\/4\/2022\/12\/Captura-de-tela-de-2022-12-26-16-52-33-768x447.png 768w, https:\/\/redepermacultura.ufsc.br\/ufopa\/wp-content\/uploads\/sites\/4\/2022\/12\/Captura-de-tela-de-2022-12-26-16-52-33-1200x699.png 1200w, https:\/\/redepermacultura.ufsc.br\/ufopa\/wp-content\/uploads\/sites\/4\/2022\/12\/Captura-de-tela-de-2022-12-26-16-52-33.png 1523w\" sizes=\"(max-width: 300px) 85vw, 300px\" \/><figcaption id=\"caption-attachment-55\" class=\"wp-caption-text\">Localiza\u00e7\u00e3o do s\u00edtio Fran\u00e7a e seus entornos. Fonte: OSM, 2022.<\/figcaption><\/figure>\r\n<p>Observou-se \u00e9ticas e princ\u00edpios permaculturais na propriedade. Especialmente expressos nas imagens apresentadas, atividades bastante comuns nesta regi\u00e3o.<\/p>\r\n<p>Fontes:<\/p>\r\n<p>https:\/\/www.openstreetmap.org\/edit#map=19\/48.15722\/0.04395<\/p>\r\n<p>https:\/\/pt.wikipedia.org\/wiki\/M%C3%A9zi%C3%A8res-sous-Lavardin<\/p>\r\n<p>&nbsp;<\/p>\r\n<p>&nbsp;<\/p>\r\n","protected":false},"excerpt":{"rendered":"<p>No dia 02 de dezembro de 2022 realizamos uma visita ao S\u00edtio localizado na regi\u00e3o entorno de Le Mans na Fran\u00e7a. O s\u00edtio do casal, o franc\u00eas Fran\u00e7ois e a brasileira Ant\u00f4nia. Nesta visita fomos muito bem recebidos e companhados pela Ant\u00f4nia, que pacientemente nos mostrou toda propriedade, estruturas e seus componentes animais (galinhas, gatos). &hellip; <a href=\"https:\/\/redepermacultura.ufsc.br\/ufopa\/2022\/12\/31\/visita-a-sitio-na-franca\/\" class=\"more-link\">Continue lendo<span class=\"screen-reader-text\"> &#8220;Visita \u00e0 S\u00edtio na Fran\u00e7a&#8221;<\/span><\/a><\/p>\n","protected":false},"author":16,"featured_media":0,"comment_status":"open","ping_status":"open","sticky":false,"template":"","format":"standard","meta":{"activitypub_content_warning":"","activitypub_content_visibility":"","activitypub_max_image_attachments":4,"activitypub_interaction_policy_quote":"anyone","activitypub_status":"","footnotes":""},"categories":[1],"tags":[],"coauthors":[2],"class_list":["post-52","post","type-post","status-publish","format-standard","hentry","category-sem-categoria"],"_links":{"self":[{"href":"https:\/\/redepermacultura.ufsc.br\/ufopa\/wp-json\/wp\/v2\/posts\/52","targetHints":{"allow":["GET"]}}],"collection":[{"href":"https:\/\/redepermacultura.ufsc.br\/ufopa\/wp-json\/wp\/v2\/posts"}],"about":[{"href":"https:\/\/redepermacultura.ufsc.br\/ufopa\/wp-json\/wp\/v2\/types\/post"}],"author":[{"embeddable":true,"href":"https:\/\/redepermacultura.ufsc.br\/ufopa\/wp-json\/wp\/v2\/users\/16"}],"replies":[{"embeddable":true,"href":"https:\/\/redepermacultura.ufsc.br\/ufopa\/wp-json\/wp\/v2\/comments?post=52"}],"version-history":[{"count":6,"href":"https:\/\/redepermacultura.ufsc.br\/ufopa\/wp-json\/wp\/v2\/posts\/52\/revisions"}],"predecessor-version":[{"id":65,"href":"https:\/\/redepermacultura.ufsc.br\/ufopa\/wp-json\/wp\/v2\/posts\/52\/revisions\/65"}],"wp:attachment":[{"href":"https:\/\/redepermacultura.ufsc.br\/ufopa\/wp-json\/wp\/v2\/media?parent=52"}],"wp:term":[{"taxonomy":"category","embeddable":true,"href":"https:\/\/redepermacultura.ufsc.br\/ufopa\/wp-json\/wp\/v2\/categories?post=52"},{"taxonomy":"post_tag","embeddable":true,"href":"https:\/\/redepermacultura.ufsc.br\/ufopa\/wp-json\/wp\/v2\/tags?post=52"},{"taxonomy":"author","embeddable":true,"href":"https:\/\/redepermacultura.ufsc.br\/ufopa\/wp-json\/wp\/v2\/coauthors?post=52"}],"curies":[{"name":"wp","href":"https:\/\/api.w.org\/{rel}","templated":true}]}}