{"id":40,"date":"2022-03-20T00:12:54","date_gmt":"2022-03-20T03:12:54","guid":{"rendered":"http:\/\/redepermacultura.ufsc.br\/ufopa\/?p=40"},"modified":"2022-03-20T00:18:04","modified_gmt":"2022-03-20T03:18:04","slug":"projeto-de-extensao-perma-geotec-livre-seleciona-tres-areas-para-planejamento-permacultural","status":"publish","type":"post","link":"https:\/\/redepermacultura.ufsc.br\/ufopa\/2022\/03\/20\/projeto-de-extensao-perma-geotec-livre-seleciona-tres-areas-para-planejamento-permacultural\/","title":{"rendered":"Projeto de Extens\u00e3o Perma-geotec livre seleciona tr\u00eas \u00e1reas para planejamento permacultural"},"content":{"rendered":"<p>Quintal Arax\u00e1, Bosque da Ufopa (PA &#8211; norte) e S\u00edtio Igat\u00fa (SC &#8211; sul) foram os primeiros locais selecionados para planejamento permacultural. Estes locais contemplam parte da diversidade biol\u00f3gica, clim\u00e1tica e cultural brasileiras.<\/p>\n<p>Inicialmente ser\u00e1 realizado o planejamento atrav\u00e9s da setoriza\u00e7\u00e3o energ\u00e9tica desta \u00e1reas.<\/p>\n<p>Lembrando que o S\u00edtio Igat\u00fa, localizado no munic\u00edpio de S\u00e3o Pedro de Alcantara-SC est\u00e1 inserido na Mata Atl\u00e2ntica e j\u00e1 apresenta quase uma d\u00e9cada de atividades permaculturais. Maiores informa\u00e7\u00f5es indicamos o v\u00eddeo:<\/p>\n<p><iframe title=\"Permacultura em prosa visita o S\u00edtio Igatu\" width=\"840\" height=\"473\" src=\"https:\/\/www.youtube.com\/embed\/1yqeSgsjJBI?feature=oembed\" frameborder=\"0\" allow=\"accelerometer; autoplay; clipboard-write; encrypted-media; gyroscope; picture-in-picture\" allowfullscreen><\/iframe><\/p>\n<p>As duas \u00e1reas localizadas na regi\u00e3o norte, bioma Amaz\u00f4nico, pertencem ao munic\u00edpio de Santar\u00e9m, O Quintal Arax\u00e1 localiza-se em \u00e1rea peri-urbana rural, possui aproximadamente 28 x 18m conforme imagem abaixo.<\/p>\n<figure id=\"attachment_43\" aria-describedby=\"caption-attachment-43\" style=\"width: 300px\" class=\"wp-caption alignnone\"><img decoding=\"async\" class=\"wp-image-43 size-medium\" src=\"http:\/\/redepermacultura.ufsc.br\/ufopa\/wp-content\/uploads\/sites\/4\/2022\/03\/Quintal_Araxa_destaque_set_2021-1-300x300.jpg\" alt=\"\" width=\"300\" height=\"300\" srcset=\"https:\/\/redepermacultura.ufsc.br\/ufopa\/wp-content\/uploads\/sites\/4\/2022\/03\/Quintal_Araxa_destaque_set_2021-1-300x300.jpg 300w, https:\/\/redepermacultura.ufsc.br\/ufopa\/wp-content\/uploads\/sites\/4\/2022\/03\/Quintal_Araxa_destaque_set_2021-1-150x150.jpg 150w, https:\/\/redepermacultura.ufsc.br\/ufopa\/wp-content\/uploads\/sites\/4\/2022\/03\/Quintal_Araxa_destaque_set_2021-1.jpg 308w\" sizes=\"(max-width: 300px) 85vw, 300px\" \/><figcaption id=\"caption-attachment-43\" class=\"wp-caption-text\">Quintal Arax\u00e1. Zona Zero ao norte(acima) e leste(\u00e0 direita), respectivamente Casa e Galp\u00e3o.<\/figcaption><\/figure>\n<p>O Bosque da Ufopa inserido em \u00e1rea urbana pr\u00f3xima ao Rio Tapaj\u00f3s e campus hom\u00f4nimo, possui 1,24 ha, ver imagem a seguir.<\/p>\n<figure id=\"attachment_44\" aria-describedby=\"caption-attachment-44\" style=\"width: 300px\" class=\"wp-caption alignnone\"><img decoding=\"async\" class=\"wp-image-44 size-medium\" src=\"http:\/\/redepermacultura.ufsc.br\/ufopa\/wp-content\/uploads\/sites\/4\/2022\/03\/Bosque_UFOPA_GE_2021_06_13_Corte-300x300.png\" alt=\"Bosque da Ufopa\" width=\"300\" height=\"300\" srcset=\"https:\/\/redepermacultura.ufsc.br\/ufopa\/wp-content\/uploads\/sites\/4\/2022\/03\/Bosque_UFOPA_GE_2021_06_13_Corte-300x300.png 300w, https:\/\/redepermacultura.ufsc.br\/ufopa\/wp-content\/uploads\/sites\/4\/2022\/03\/Bosque_UFOPA_GE_2021_06_13_Corte-150x150.png 150w, https:\/\/redepermacultura.ufsc.br\/ufopa\/wp-content\/uploads\/sites\/4\/2022\/03\/Bosque_UFOPA_GE_2021_06_13_Corte-768x768.png 768w, https:\/\/redepermacultura.ufsc.br\/ufopa\/wp-content\/uploads\/sites\/4\/2022\/03\/Bosque_UFOPA_GE_2021_06_13_Corte.png 882w\" sizes=\"(max-width: 300px) 85vw, 300px\" \/><figcaption id=\"caption-attachment-44\" class=\"wp-caption-text\">Bosque da Ufopa, localizado no Bairro Sal\u00e9, Santar\u00e9m-PA.<\/figcaption><\/figure>\n<p>Em princ\u00edpio ser\u00e3o estas as \u00e1reas de treinamento para o planejamento permacultural apoiado em geotecnologias livres proposta pelo Projeto de Extens\u00e3o Perma-Geotec livres.<\/p>\n","protected":false},"excerpt":{"rendered":"<p>Quintal Arax\u00e1, Bosque da Ufopa (PA &#8211; norte) e S\u00edtio Igat\u00fa (SC &#8211; sul) foram os primeiros locais selecionados para planejamento permacultural. Estes locais contemplam parte da diversidade biol\u00f3gica, clim\u00e1tica e cultural brasileiras. Inicialmente ser\u00e1 realizado o planejamento atrav\u00e9s da setoriza\u00e7\u00e3o energ\u00e9tica desta \u00e1reas. Lembrando que o S\u00edtio Igat\u00fa, localizado no munic\u00edpio de S\u00e3o Pedro &hellip; <a href=\"https:\/\/redepermacultura.ufsc.br\/ufopa\/2022\/03\/20\/projeto-de-extensao-perma-geotec-livre-seleciona-tres-areas-para-planejamento-permacultural\/\" class=\"more-link\">Continue lendo<span class=\"screen-reader-text\"> &#8220;Projeto de Extens\u00e3o Perma-geotec livre seleciona tr\u00eas \u00e1reas para planejamento permacultural&#8221;<\/span><\/a><\/p>\n","protected":false},"author":16,"featured_media":0,"comment_status":"open","ping_status":"open","sticky":false,"template":"","format":"standard","meta":{"activitypub_content_warning":"","activitypub_content_visibility":"","activitypub_max_image_attachments":4,"activitypub_interaction_policy_quote":"anyone","activitypub_status":"","footnotes":""},"categories":[1],"tags":[],"coauthors":[2],"class_list":["post-40","post","type-post","status-publish","format-standard","hentry","category-sem-categoria"],"_links":{"self":[{"href":"https:\/\/redepermacultura.ufsc.br\/ufopa\/wp-json\/wp\/v2\/posts\/40","targetHints":{"allow":["GET"]}}],"collection":[{"href":"https:\/\/redepermacultura.ufsc.br\/ufopa\/wp-json\/wp\/v2\/posts"}],"about":[{"href":"https:\/\/redepermacultura.ufsc.br\/ufopa\/wp-json\/wp\/v2\/types\/post"}],"author":[{"embeddable":true,"href":"https:\/\/redepermacultura.ufsc.br\/ufopa\/wp-json\/wp\/v2\/users\/16"}],"replies":[{"embeddable":true,"href":"https:\/\/redepermacultura.ufsc.br\/ufopa\/wp-json\/wp\/v2\/comments?post=40"}],"version-history":[{"count":3,"href":"https:\/\/redepermacultura.ufsc.br\/ufopa\/wp-json\/wp\/v2\/posts\/40\/revisions"}],"predecessor-version":[{"id":47,"href":"https:\/\/redepermacultura.ufsc.br\/ufopa\/wp-json\/wp\/v2\/posts\/40\/revisions\/47"}],"wp:attachment":[{"href":"https:\/\/redepermacultura.ufsc.br\/ufopa\/wp-json\/wp\/v2\/media?parent=40"}],"wp:term":[{"taxonomy":"category","embeddable":true,"href":"https:\/\/redepermacultura.ufsc.br\/ufopa\/wp-json\/wp\/v2\/categories?post=40"},{"taxonomy":"post_tag","embeddable":true,"href":"https:\/\/redepermacultura.ufsc.br\/ufopa\/wp-json\/wp\/v2\/tags?post=40"},{"taxonomy":"author","embeddable":true,"href":"https:\/\/redepermacultura.ufsc.br\/ufopa\/wp-json\/wp\/v2\/coauthors?post=40"}],"curies":[{"name":"wp","href":"https:\/\/api.w.org\/{rel}","templated":true}]}}