{"id":32,"date":"2022-03-19T22:14:03","date_gmt":"2022-03-20T01:14:03","guid":{"rendered":"http:\/\/redepermacultura.ufsc.br\/ufopa\/?p=32"},"modified":"2022-03-19T22:14:03","modified_gmt":"2022-03-20T01:14:03","slug":"permacultura-na-ufopa-e-projeto-de-extensao-perma-geotec-livres-apoiam-inicio-do-projeto-de-extensao-geotecnologias-livres-para-o-publico-de-lingua-portuguesa-da-ufabc","status":"publish","type":"post","link":"https:\/\/redepermacultura.ufsc.br\/ufopa\/2022\/03\/19\/permacultura-na-ufopa-e-projeto-de-extensao-perma-geotec-livres-apoiam-inicio-do-projeto-de-extensao-geotecnologias-livres-para-o-publico-de-lingua-portuguesa-da-ufabc\/","title":{"rendered":"Permacultura na UFOPA e Projeto de Extens\u00e3o Perma-Geotec livres apoiam in\u00edcio do Projeto de extens\u00e3o Geotecnologias livres para o p\u00fablico de l\u00edngua portuguesa da UFABC"},"content":{"rendered":"<p><iframe title=\"QGIS Desktop transifex aula pr\u00e1tica\" width=\"840\" height=\"473\" src=\"https:\/\/www.youtube.com\/embed\/HT6lTk-0AQ4?feature=oembed\" frameborder=\"0\" allow=\"accelerometer; autoplay; clipboard-write; encrypted-media; gyroscope; picture-in-picture\" allowfullscreen><\/iframe><\/p>\n","protected":false},"excerpt":{"rendered":"","protected":false},"author":16,"featured_media":0,"comment_status":"open","ping_status":"open","sticky":false,"template":"","format":"standard","meta":{"activitypub_content_warning":"","activitypub_content_visibility":"","activitypub_max_image_attachments":4,"activitypub_interaction_policy_quote":"anyone","activitypub_status":"","footnotes":""},"categories":[1],"tags":[],"coauthors":[2],"class_list":["post-32","post","type-post","status-publish","format-standard","hentry","category-sem-categoria"],"_links":{"self":[{"href":"https:\/\/redepermacultura.ufsc.br\/ufopa\/wp-json\/wp\/v2\/posts\/32","targetHints":{"allow":["GET"]}}],"collection":[{"href":"https:\/\/redepermacultura.ufsc.br\/ufopa\/wp-json\/wp\/v2\/posts"}],"about":[{"href":"https:\/\/redepermacultura.ufsc.br\/ufopa\/wp-json\/wp\/v2\/types\/post"}],"author":[{"embeddable":true,"href":"https:\/\/redepermacultura.ufsc.br\/ufopa\/wp-json\/wp\/v2\/users\/16"}],"replies":[{"embeddable":true,"href":"https:\/\/redepermacultura.ufsc.br\/ufopa\/wp-json\/wp\/v2\/comments?post=32"}],"version-history":[{"count":1,"href":"https:\/\/redepermacultura.ufsc.br\/ufopa\/wp-json\/wp\/v2\/posts\/32\/revisions"}],"predecessor-version":[{"id":33,"href":"https:\/\/redepermacultura.ufsc.br\/ufopa\/wp-json\/wp\/v2\/posts\/32\/revisions\/33"}],"wp:attachment":[{"href":"https:\/\/redepermacultura.ufsc.br\/ufopa\/wp-json\/wp\/v2\/media?parent=32"}],"wp:term":[{"taxonomy":"category","embeddable":true,"href":"https:\/\/redepermacultura.ufsc.br\/ufopa\/wp-json\/wp\/v2\/categories?post=32"},{"taxonomy":"post_tag","embeddable":true,"href":"https:\/\/redepermacultura.ufsc.br\/ufopa\/wp-json\/wp\/v2\/tags?post=32"},{"taxonomy":"author","embeddable":true,"href":"https:\/\/redepermacultura.ufsc.br\/ufopa\/wp-json\/wp\/v2\/coauthors?post=32"}],"curies":[{"name":"wp","href":"https:\/\/api.w.org\/{rel}","templated":true}]}}