{"id":62,"date":"2023-08-14T15:02:53","date_gmt":"2023-08-14T18:02:53","guid":{"rendered":"https:\/\/redepermacultura.ufsc.br\/uff\/?p=62"},"modified":"2023-08-14T15:02:53","modified_gmt":"2023-08-14T18:02:53","slug":"permacultura-sera-optativa-em-graduacao-da-uff","status":"publish","type":"post","link":"https:\/\/redepermacultura.ufsc.br\/uff\/2023\/08\/14\/permacultura-sera-optativa-em-graduacao-da-uff\/","title":{"rendered":"Permacultura ser\u00e1 optativa em gradua\u00e7\u00e3o da UFF"},"content":{"rendered":"<figure id=\"attachment_63\" aria-describedby=\"caption-attachment-63\" style=\"width: 263px\" class=\"wp-caption alignleft\"><img decoding=\"async\" class=\"wp-image-63 \" src=\"http:\/\/redepermacultura.ufsc.br\/uff\/wp-content\/uploads\/sites\/11\/2023\/08\/2023_09_Foto_banheiro_seco_UFF-240x300.jpg\" alt=\"\" width=\"263\" height=\"329\" srcset=\"https:\/\/redepermacultura.ufsc.br\/uff\/wp-content\/uploads\/sites\/11\/2023\/08\/2023_09_Foto_banheiro_seco_UFF-240x300.jpg 240w, https:\/\/redepermacultura.ufsc.br\/uff\/wp-content\/uploads\/sites\/11\/2023\/08\/2023_09_Foto_banheiro_seco_UFF-700x876.jpg 700w, https:\/\/redepermacultura.ufsc.br\/uff\/wp-content\/uploads\/sites\/11\/2023\/08\/2023_09_Foto_banheiro_seco_UFF-768x961.jpg 768w, https:\/\/redepermacultura.ufsc.br\/uff\/wp-content\/uploads\/sites\/11\/2023\/08\/2023_09_Foto_banheiro_seco_UFF-800x1001.jpg 800w, https:\/\/redepermacultura.ufsc.br\/uff\/wp-content\/uploads\/sites\/11\/2023\/08\/2023_09_Foto_banheiro_seco_UFF.jpg 1080w\" sizes=\"(max-width: 263px) 100vw, 263px\" \/><figcaption id=\"caption-attachment-63\" class=\"wp-caption-text\">Banheiro seco numa constru\u00e7\u00e3o coletiva para o II Encontro da Rede de Agroecologia da UFF.<\/figcaption><\/figure>\n<p><span style=\"font-family: 'comic sans ms', sans-serif\">A Rede NEPerma Brasil, atrav\u00e9s do colega Elias Arruda, anuncia e confirma o ofe<\/span><span style=\"font-family: 'comic sans ms', sans-serif\">recimento da disciplina de gradua\u00e7\u00e3o Introdu\u00e7\u00e3o a Permacultura, no Departamento de An\u00e1lise Geoambiental, Instituto de Geoci\u00eancias da Universidade Federal Fluminense (UFF).<\/span><\/p>\n<p><span style=\"font-family: 'comic sans ms', sans-serif\">A disciplina ser\u00e1 oferecida a partir do 2\u00ba per\u00edodo de 2023 nos moldes internacionais do CPP \u2013 Curso de Planejamento em Permacultura (PDC \u2013\u00a0<em>Permaculture Design Course<\/em>) que confere ao aluno que tiver 100% de presen\u00e7a e aproveitamento nas atividades do curso, o certificado de Permacultor com validade internacional.<\/span><\/p>\n<p><span style=\"font-family: 'comic sans ms', sans-serif\">Os encontros acontecer\u00e3o presencialmente no \u00e2mbito da UFF em Niter\u00f3i\/RJ, onde a troca de saberes ocorrer\u00e1 de forma transdisciplinar, fomentando o compartilhamento de experi\u00eancias entre diversos cursos e \u00e1reas do conhecimento. Atividades de campo tamb\u00e9m est\u00e3o previstas no intuito de fornecer suporte pr\u00e1tico para os conhecimentos trocados durante o curso.<\/span><\/p>\n<p><span style=\"font-family: 'comic sans ms', sans-serif\">Essa \u00e9 mais uma pequena gota no oceano de vivermos uma vida integrada com a natureza, na vis\u00e3o de fazermos parte dela e n\u00e3o com o olhar de domina\u00e7\u00e3o sobre as outras formas de vida. Viva a Permacultura!<\/span><\/p>\n<p><span style=\"font-family: 'comic sans ms', sans-serif\">Texto: Elias Arruda<\/span><\/p>\n","protected":false},"excerpt":{"rendered":"<p>A Rede NEPerma Brasil, atrav\u00e9s do colega Elias Arruda, anuncia e confirma o oferecimento da disciplina de gradua\u00e7\u00e3o Introdu\u00e7\u00e3o a Permacultura, no Departamento de An\u00e1lise Geoambiental, Instituto de Geoci\u00eancias da Universidade Federal Fluminense (UFF). A disciplina ser\u00e1 oferecida a partir do 2\u00ba per\u00edodo de 2023 nos moldes internacionais do CPP \u2013 Curso de Planejamento em&#8230;<\/p>\n","protected":false},"author":35,"featured_media":0,"comment_status":"open","ping_status":"open","sticky":false,"template":"","format":"standard","meta":{"activitypub_content_warning":"","activitypub_content_visibility":"","activitypub_max_image_attachments":4,"activitypub_interaction_policy_quote":"anyone","activitypub_status":"","footnotes":""},"categories":[1],"tags":[],"coauthors":[8],"class_list":["post-62","post","type-post","status-publish","format-standard","hentry","category-sem-categoria"],"_links":{"self":[{"href":"https:\/\/redepermacultura.ufsc.br\/uff\/wp-json\/wp\/v2\/posts\/62","targetHints":{"allow":["GET"]}}],"collection":[{"href":"https:\/\/redepermacultura.ufsc.br\/uff\/wp-json\/wp\/v2\/posts"}],"about":[{"href":"https:\/\/redepermacultura.ufsc.br\/uff\/wp-json\/wp\/v2\/types\/post"}],"author":[{"embeddable":true,"href":"https:\/\/redepermacultura.ufsc.br\/uff\/wp-json\/wp\/v2\/users\/35"}],"replies":[{"embeddable":true,"href":"https:\/\/redepermacultura.ufsc.br\/uff\/wp-json\/wp\/v2\/comments?post=62"}],"version-history":[{"count":4,"href":"https:\/\/redepermacultura.ufsc.br\/uff\/wp-json\/wp\/v2\/posts\/62\/revisions"}],"predecessor-version":[{"id":67,"href":"https:\/\/redepermacultura.ufsc.br\/uff\/wp-json\/wp\/v2\/posts\/62\/revisions\/67"}],"wp:attachment":[{"href":"https:\/\/redepermacultura.ufsc.br\/uff\/wp-json\/wp\/v2\/media?parent=62"}],"wp:term":[{"taxonomy":"category","embeddable":true,"href":"https:\/\/redepermacultura.ufsc.br\/uff\/wp-json\/wp\/v2\/categories?post=62"},{"taxonomy":"post_tag","embeddable":true,"href":"https:\/\/redepermacultura.ufsc.br\/uff\/wp-json\/wp\/v2\/tags?post=62"},{"taxonomy":"author","embeddable":true,"href":"https:\/\/redepermacultura.ufsc.br\/uff\/wp-json\/wp\/v2\/coauthors?post=62"}],"curies":[{"name":"wp","href":"https:\/\/api.w.org\/{rel}","templated":true}]}}