{"id":53,"date":"2022-12-14T10:05:43","date_gmt":"2022-12-14T13:05:43","guid":{"rendered":"https:\/\/redepermacultura.ufsc.br\/uff\/?p=53"},"modified":"2023-05-17T20:14:49","modified_gmt":"2023-05-17T23:14:49","slug":"ecoturismo-conservacao-e-permacultura-sera-que-tem-a-ver","status":"publish","type":"post","link":"https:\/\/redepermacultura.ufsc.br\/uff\/2022\/12\/14\/ecoturismo-conservacao-e-permacultura-sera-que-tem-a-ver\/","title":{"rendered":"Ecoturismo &amp; Conserva\u00e7\u00e3o e Permacultura: ser\u00e1 que tem a ver?"},"content":{"rendered":"<figure id=\"attachment_29838\" aria-describedby=\"caption-attachment-29838\" style=\"width: 440px\" class=\"wp-caption alignright\"><img decoding=\"async\" class=\"wp-image-29838\" src=\"https:\/\/redepermacultura.ufsc.br\/wp-content\/uploads\/2022\/12\/tela_palestra-300x155.png\" alt=\"\" width=\"440\" height=\"227\" \/><figcaption id=\"caption-attachment-29838\" class=\"wp-caption-text\">Tela da palestra virtual no Youtube.<\/figcaption><\/figure>\n<p>A Rede NEPerma Brasil se fez presente no III Semin\u00e1rio do programa de <a href=\"http:\/\/www.unirio.br\/ccbs\/ecoturismo\/\">P\u00f3s-Gradua\u00e7\u00e3o em Ecoturismo e Conserva\u00e7\u00e3o da UNIRIO<\/a>, com a palestra \u201cEcoturismo &amp; Conserva\u00e7\u00e3o e Permacultura: ser\u00e1 que tem a ver?\u201d proferida pelo professor e permacultor Elias Arruda, da UFF.<\/p>\n<p>A fala teve o intuito de apresentar a Permacultura e mostrar como os seus princ\u00edpios podem ser aplicados no Ecoturismo de Base Comunit\u00e1ria e na conserva\u00e7\u00e3o da biodiversidade e da cultura.<\/p>\n<p>Confira na \u00edntegra a palestra \u201c<a href=\"https:\/\/www.youtube.com\/watch?v=B-2AnladG_U\">Ecoturismo &amp; Conserva\u00e7\u00e3o e Permacultura: ser\u00e1 que tem a ver?<\/a>\u201d no YouTube.<\/p>\n","protected":false},"excerpt":{"rendered":"<p>A Rede NEPerma Brasil se fez presente no III Semin\u00e1rio do programa de P\u00f3s-Gradua\u00e7\u00e3o em Ecoturismo e Conserva\u00e7\u00e3o da UNIRIO, com a palestra \u201cEcoturismo &amp; Conserva\u00e7\u00e3o e Permacultura: ser\u00e1 que tem a ver?\u201d proferida pelo professor e permacultor Elias Arruda, da UFF. A fala teve o intuito de apresentar a Permacultura e mostrar como os&#8230;<\/p>\n","protected":false},"author":35,"featured_media":0,"comment_status":"open","ping_status":"open","sticky":false,"template":"","format":"standard","meta":{"activitypub_content_warning":"","activitypub_content_visibility":"","activitypub_max_image_attachments":4,"activitypub_interaction_policy_quote":"anyone","activitypub_status":"","footnotes":""},"categories":[3,4,2,5],"tags":[],"coauthors":[8],"class_list":["post-53","post","type-post","status-publish","format-standard","hentry","category-ensino","category-extensao","category-noticias","category-pesquisa"],"_links":{"self":[{"href":"https:\/\/redepermacultura.ufsc.br\/uff\/wp-json\/wp\/v2\/posts\/53","targetHints":{"allow":["GET"]}}],"collection":[{"href":"https:\/\/redepermacultura.ufsc.br\/uff\/wp-json\/wp\/v2\/posts"}],"about":[{"href":"https:\/\/redepermacultura.ufsc.br\/uff\/wp-json\/wp\/v2\/types\/post"}],"author":[{"embeddable":true,"href":"https:\/\/redepermacultura.ufsc.br\/uff\/wp-json\/wp\/v2\/users\/35"}],"replies":[{"embeddable":true,"href":"https:\/\/redepermacultura.ufsc.br\/uff\/wp-json\/wp\/v2\/comments?post=53"}],"version-history":[{"count":6,"href":"https:\/\/redepermacultura.ufsc.br\/uff\/wp-json\/wp\/v2\/posts\/53\/revisions"}],"predecessor-version":[{"id":60,"href":"https:\/\/redepermacultura.ufsc.br\/uff\/wp-json\/wp\/v2\/posts\/53\/revisions\/60"}],"wp:attachment":[{"href":"https:\/\/redepermacultura.ufsc.br\/uff\/wp-json\/wp\/v2\/media?parent=53"}],"wp:term":[{"taxonomy":"category","embeddable":true,"href":"https:\/\/redepermacultura.ufsc.br\/uff\/wp-json\/wp\/v2\/categories?post=53"},{"taxonomy":"post_tag","embeddable":true,"href":"https:\/\/redepermacultura.ufsc.br\/uff\/wp-json\/wp\/v2\/tags?post=53"},{"taxonomy":"author","embeddable":true,"href":"https:\/\/redepermacultura.ufsc.br\/uff\/wp-json\/wp\/v2\/coauthors?post=53"}],"curies":[{"name":"wp","href":"https:\/\/api.w.org\/{rel}","templated":true}]}}