{"id":29,"date":"2022-06-26T13:44:48","date_gmt":"2022-06-26T16:44:48","guid":{"rendered":"https:\/\/redepermacultura.ufsc.br\/ifsp\/?p=29"},"modified":"2022-06-26T13:44:48","modified_gmt":"2022-06-26T16:44:48","slug":"conclusao-da-primeira-turma-do-curso-de-planejamento-em-permacultura-pdc-no-ifsp","status":"publish","type":"post","link":"https:\/\/redepermacultura.ufsc.br\/ifsp\/2022\/06\/26\/conclusao-da-primeira-turma-do-curso-de-planejamento-em-permacultura-pdc-no-ifsp\/","title":{"rendered":"Conclus\u00e3o da primeira turma do Curso de Planejamento em Permacultura &#8211; PDC no IFSP"},"content":{"rendered":"<p>Chegou ao final a primeira turma do Curso de Planejamento em Permacultura &#8211; PDC do IFSP. O curso foi oferecido pelo campus Salto, em parceria com a Alian\u00e7a da Miseric\u00f3rdia, e ocorreu aos s\u00e1bados.<\/p>\n<p>No total 21 participantes conclu\u00edram o curso.<\/p>\n<p>Est\u00e1 prevista uma nova turma no primeiro semestre de 2023, no campus Avar\u00e9.<\/p>\n<p><img decoding=\"async\" class=\"alignnone  wp-image-30\" src=\"http:\/\/redepermacultura.ufsc.br\/ifsp\/wp-content\/uploads\/sites\/5\/2022\/06\/Turma-PDC-1-300x225.jpeg\" alt=\"\" width=\"567\" height=\"425\" srcset=\"https:\/\/redepermacultura.ufsc.br\/ifsp\/wp-content\/uploads\/sites\/5\/2022\/06\/Turma-PDC-1-300x225.jpeg 300w, https:\/\/redepermacultura.ufsc.br\/ifsp\/wp-content\/uploads\/sites\/5\/2022\/06\/Turma-PDC-1-1024x768.jpeg 1024w, https:\/\/redepermacultura.ufsc.br\/ifsp\/wp-content\/uploads\/sites\/5\/2022\/06\/Turma-PDC-1-768x576.jpeg 768w, https:\/\/redepermacultura.ufsc.br\/ifsp\/wp-content\/uploads\/sites\/5\/2022\/06\/Turma-PDC-1-1200x900.jpeg 1200w, https:\/\/redepermacultura.ufsc.br\/ifsp\/wp-content\/uploads\/sites\/5\/2022\/06\/Turma-PDC-1.jpeg 1280w\" sizes=\"(max-width: 567px) 85vw, 567px\" \/><\/p>\n","protected":false},"excerpt":{"rendered":"<p>Chegou ao final a primeira turma do Curso de Planejamento em Permacultura &#8211; PDC do IFSP. O curso foi oferecido pelo campus Salto, em parceria com a Alian\u00e7a da Miseric\u00f3rdia, e ocorreu aos s\u00e1bados. No total 21 participantes conclu\u00edram o curso. Est\u00e1 prevista uma nova turma no primeiro semestre de 2023, no campus Avar\u00e9.<\/p>\n","protected":false},"author":30,"featured_media":0,"comment_status":"open","ping_status":"open","sticky":false,"template":"","format":"standard","meta":{"activitypub_content_warning":"","activitypub_content_visibility":"","activitypub_max_image_attachments":4,"activitypub_interaction_policy_quote":"anyone","activitypub_status":"","footnotes":""},"categories":[1],"tags":[],"coauthors":[2],"class_list":["post-29","post","type-post","status-publish","format-standard","hentry","category-sem-categoria"],"_links":{"self":[{"href":"https:\/\/redepermacultura.ufsc.br\/ifsp\/wp-json\/wp\/v2\/posts\/29","targetHints":{"allow":["GET"]}}],"collection":[{"href":"https:\/\/redepermacultura.ufsc.br\/ifsp\/wp-json\/wp\/v2\/posts"}],"about":[{"href":"https:\/\/redepermacultura.ufsc.br\/ifsp\/wp-json\/wp\/v2\/types\/post"}],"author":[{"embeddable":true,"href":"https:\/\/redepermacultura.ufsc.br\/ifsp\/wp-json\/wp\/v2\/users\/30"}],"replies":[{"embeddable":true,"href":"https:\/\/redepermacultura.ufsc.br\/ifsp\/wp-json\/wp\/v2\/comments?post=29"}],"version-history":[{"count":1,"href":"https:\/\/redepermacultura.ufsc.br\/ifsp\/wp-json\/wp\/v2\/posts\/29\/revisions"}],"predecessor-version":[{"id":31,"href":"https:\/\/redepermacultura.ufsc.br\/ifsp\/wp-json\/wp\/v2\/posts\/29\/revisions\/31"}],"wp:attachment":[{"href":"https:\/\/redepermacultura.ufsc.br\/ifsp\/wp-json\/wp\/v2\/media?parent=29"}],"wp:term":[{"taxonomy":"category","embeddable":true,"href":"https:\/\/redepermacultura.ufsc.br\/ifsp\/wp-json\/wp\/v2\/categories?post=29"},{"taxonomy":"post_tag","embeddable":true,"href":"https:\/\/redepermacultura.ufsc.br\/ifsp\/wp-json\/wp\/v2\/tags?post=29"},{"taxonomy":"author","embeddable":true,"href":"https:\/\/redepermacultura.ufsc.br\/ifsp\/wp-json\/wp\/v2\/coauthors?post=29"}],"curies":[{"name":"wp","href":"https:\/\/api.w.org\/{rel}","templated":true}]}}