{"id":24,"date":"2022-03-06T20:35:41","date_gmt":"2022-03-06T23:35:41","guid":{"rendered":"http:\/\/redepermacultura.ufsc.br\/ifsp\/?p=24"},"modified":"2022-03-06T20:37:08","modified_gmt":"2022-03-06T23:37:08","slug":"abertas-inscricoes-para-curso-ead-permacultura-e-sustentabilidade","status":"publish","type":"post","link":"https:\/\/redepermacultura.ufsc.br\/ifsp\/2022\/03\/06\/abertas-inscricoes-para-curso-ead-permacultura-e-sustentabilidade\/","title":{"rendered":"Abertas inscri\u00e7\u00f5es para curso EaD &#8220;Permacultura e Sustentabilidade&#8221;"},"content":{"rendered":"<p>Est\u00e3o abertas as inscri\u00e7\u00f5es para o curso &#8220;Permacultura e Sustentabilidade&#8221;. O curso \u00e9 gratuito e ser\u00e1 oferecido pelo IFSP &#8211; C\u00e2mpus Avar\u00e9 na modalidade EaD, com carga hor\u00e1ria de 20h.<\/p>\n<p>Mais detalhes e procedimento para se inscrever est\u00e3o no endere\u00e7o abaixo:<\/p>\n<p><a href=\"https:\/\/avr.ifsp.edu.br\/ultimas-noticias\/922-inscricoes-abertas-para-cursos-de-extensao-gratuitos-nas-modalidades-a-distancia-e-presencial\">https:\/\/avr.ifsp.edu.br\/ultimas-noticias\/922-inscricoes-abertas-para-cursos-de-extensao-gratuitos-nas-modalidades-a-distancia-e-presencial<\/a><\/p>\n<p>&nbsp;<\/p>\n","protected":false},"excerpt":{"rendered":"<p>Est\u00e3o abertas as inscri\u00e7\u00f5es para o curso &#8220;Permacultura e Sustentabilidade&#8221;. O curso \u00e9 gratuito e ser\u00e1 oferecido pelo IFSP &#8211; C\u00e2mpus Avar\u00e9 na modalidade EaD, com carga hor\u00e1ria de 20h. Mais detalhes e procedimento para se inscrever est\u00e3o no endere\u00e7o abaixo: https:\/\/avr.ifsp.edu.br\/ultimas-noticias\/922-inscricoes-abertas-para-cursos-de-extensao-gratuitos-nas-modalidades-a-distancia-e-presencial &nbsp;<\/p>\n","protected":false},"author":30,"featured_media":0,"comment_status":"open","ping_status":"open","sticky":false,"template":"","format":"standard","meta":{"activitypub_content_warning":"","activitypub_content_visibility":"","activitypub_max_image_attachments":4,"activitypub_interaction_policy_quote":"anyone","activitypub_status":"","footnotes":""},"categories":[1],"tags":[],"coauthors":[2],"class_list":["post-24","post","type-post","status-publish","format-standard","hentry","category-sem-categoria"],"_links":{"self":[{"href":"https:\/\/redepermacultura.ufsc.br\/ifsp\/wp-json\/wp\/v2\/posts\/24","targetHints":{"allow":["GET"]}}],"collection":[{"href":"https:\/\/redepermacultura.ufsc.br\/ifsp\/wp-json\/wp\/v2\/posts"}],"about":[{"href":"https:\/\/redepermacultura.ufsc.br\/ifsp\/wp-json\/wp\/v2\/types\/post"}],"author":[{"embeddable":true,"href":"https:\/\/redepermacultura.ufsc.br\/ifsp\/wp-json\/wp\/v2\/users\/30"}],"replies":[{"embeddable":true,"href":"https:\/\/redepermacultura.ufsc.br\/ifsp\/wp-json\/wp\/v2\/comments?post=24"}],"version-history":[{"count":3,"href":"https:\/\/redepermacultura.ufsc.br\/ifsp\/wp-json\/wp\/v2\/posts\/24\/revisions"}],"predecessor-version":[{"id":27,"href":"https:\/\/redepermacultura.ufsc.br\/ifsp\/wp-json\/wp\/v2\/posts\/24\/revisions\/27"}],"wp:attachment":[{"href":"https:\/\/redepermacultura.ufsc.br\/ifsp\/wp-json\/wp\/v2\/media?parent=24"}],"wp:term":[{"taxonomy":"category","embeddable":true,"href":"https:\/\/redepermacultura.ufsc.br\/ifsp\/wp-json\/wp\/v2\/categories?post=24"},{"taxonomy":"post_tag","embeddable":true,"href":"https:\/\/redepermacultura.ufsc.br\/ifsp\/wp-json\/wp\/v2\/tags?post=24"},{"taxonomy":"author","embeddable":true,"href":"https:\/\/redepermacultura.ufsc.br\/ifsp\/wp-json\/wp\/v2\/coauthors?post=24"}],"curies":[{"name":"wp","href":"https:\/\/api.w.org\/{rel}","templated":true}]}}