{"id":18,"date":"2022-02-27T22:07:22","date_gmt":"2022-02-28T01:07:22","guid":{"rendered":"http:\/\/redepermacultura.ufsc.br\/ifsp\/?p=18"},"modified":"2022-02-27T22:07:22","modified_gmt":"2022-02-28T01:07:22","slug":"ifsp-oferece-o-curso-de-planejamento-em-permacultura-pdc","status":"publish","type":"post","link":"https:\/\/redepermacultura.ufsc.br\/ifsp\/2022\/02\/27\/ifsp-oferece-o-curso-de-planejamento-em-permacultura-pdc\/","title":{"rendered":"IFSP oferece o curso de planejamento em Permacultura &#8211; PDC"},"content":{"rendered":"<p>O IFSP oferecer\u00e1 gratuitamente o curso de planejamento em Permacultura &#8211; PDC no primeiro semestre de 2022. O curso ocorrer\u00e1 no C\u00e2mpus Salto entre os meses de mar\u00e7o a junho de 2022 e tem 30 vagas dispon\u00edveis.<\/p>\n<p>Mais informa\u00e7\u00f5es podem ser encontradas no edital no endere\u00e7o: https:\/\/drive.ifsp.edu.br\/s\/4GO25tWuv6Kkapu#pdfviewer<\/p>\n<p>As inscri\u00e7\u00f5es v\u00e3o at\u00e9 o dia 28\/02\/2022.<\/p>\n","protected":false},"excerpt":{"rendered":"<p>O IFSP oferecer\u00e1 gratuitamente o curso de planejamento em Permacultura &#8211; PDC no primeiro semestre de 2022. O curso ocorrer\u00e1 no C\u00e2mpus Salto entre os meses de mar\u00e7o a junho de 2022 e tem 30 vagas dispon\u00edveis. Mais informa\u00e7\u00f5es podem ser encontradas no edital no endere\u00e7o: https:\/\/drive.ifsp.edu.br\/s\/4GO25tWuv6Kkapu#pdfviewer As inscri\u00e7\u00f5es v\u00e3o at\u00e9 o dia 28\/02\/2022.<\/p>\n","protected":false},"author":30,"featured_media":0,"comment_status":"open","ping_status":"open","sticky":false,"template":"","format":"standard","meta":{"activitypub_content_warning":"","activitypub_content_visibility":"","activitypub_max_image_attachments":4,"activitypub_interaction_policy_quote":"anyone","activitypub_status":"","footnotes":""},"categories":[1],"tags":[],"coauthors":[2],"class_list":["post-18","post","type-post","status-publish","format-standard","hentry","category-sem-categoria"],"_links":{"self":[{"href":"https:\/\/redepermacultura.ufsc.br\/ifsp\/wp-json\/wp\/v2\/posts\/18","targetHints":{"allow":["GET"]}}],"collection":[{"href":"https:\/\/redepermacultura.ufsc.br\/ifsp\/wp-json\/wp\/v2\/posts"}],"about":[{"href":"https:\/\/redepermacultura.ufsc.br\/ifsp\/wp-json\/wp\/v2\/types\/post"}],"author":[{"embeddable":true,"href":"https:\/\/redepermacultura.ufsc.br\/ifsp\/wp-json\/wp\/v2\/users\/30"}],"replies":[{"embeddable":true,"href":"https:\/\/redepermacultura.ufsc.br\/ifsp\/wp-json\/wp\/v2\/comments?post=18"}],"version-history":[{"count":1,"href":"https:\/\/redepermacultura.ufsc.br\/ifsp\/wp-json\/wp\/v2\/posts\/18\/revisions"}],"predecessor-version":[{"id":19,"href":"https:\/\/redepermacultura.ufsc.br\/ifsp\/wp-json\/wp\/v2\/posts\/18\/revisions\/19"}],"wp:attachment":[{"href":"https:\/\/redepermacultura.ufsc.br\/ifsp\/wp-json\/wp\/v2\/media?parent=18"}],"wp:term":[{"taxonomy":"category","embeddable":true,"href":"https:\/\/redepermacultura.ufsc.br\/ifsp\/wp-json\/wp\/v2\/categories?post=18"},{"taxonomy":"post_tag","embeddable":true,"href":"https:\/\/redepermacultura.ufsc.br\/ifsp\/wp-json\/wp\/v2\/tags?post=18"},{"taxonomy":"author","embeddable":true,"href":"https:\/\/redepermacultura.ufsc.br\/ifsp\/wp-json\/wp\/v2\/coauthors?post=18"}],"curies":[{"name":"wp","href":"https:\/\/api.w.org\/{rel}","templated":true}]}}