{"id":21,"name":"Arthur Nanni","url":"","description":"Pai do Caio e do Theo. Ge\u00f3logo de forma\u00e7\u00e3o, ge\u00f3grafo por op\u00e7\u00e3o e permacultor de cora\u00e7\u00e3o. Atua como professor na Universidade Federal de Santa Catarina junto ao Departamento de Educa\u00e7\u00e3o do Campo onde leciona a disciplina de Introdu\u00e7\u00e3o \u00e0 Permacultura e desenvolve o curso de Especializa\u00e7\u00e3o em Permacultura.","link":"https:\/\/redepermacultura.ufsc.br\/ensinandopermacultura\/author\/arthurnanni\/","slug":"arthurnanni","avatar_urls":{"24":"https:\/\/secure.gravatar.com\/avatar\/fbb6724379164425e9adf20d7d2039ef95b7698339c19b4e501471238187c043?s=24&d=mm&r=g","48":"https:\/\/secure.gravatar.com\/avatar\/fbb6724379164425e9adf20d7d2039ef95b7698339c19b4e501471238187c043?s=48&d=mm&r=g","96":"https:\/\/secure.gravatar.com\/avatar\/fbb6724379164425e9adf20d7d2039ef95b7698339c19b4e501471238187c043?s=96&d=mm&r=g"},"meta":{"wp_3_activitypub_hide_social_graph":0},"_links":{"self":[{"href":"https:\/\/redepermacultura.ufsc.br\/ensinandopermacultura\/wp-json\/wp\/v2\/users\/21","targetHints":{"allow":["GET"]}}],"collection":[{"href":"https:\/\/redepermacultura.ufsc.br\/ensinandopermacultura\/wp-json\/wp\/v2\/users"}]}}