{"id":73,"date":"2022-09-30T09:56:55","date_gmt":"2022-09-30T12:56:55","guid":{"rendered":"http:\/\/ananni.pressbooks.com\/chapter\/planejamento-para-eventos-extremos\/"},"modified":"2025-04-13T09:34:11","modified_gmt":"2025-04-13T12:34:11","slug":"planejamento-para-eventos-extremos","status":"publish","type":"post","link":"https:\/\/redepermacultura.ufsc.br\/ensinandopermacultura\/2022\/09\/30\/planejamento-para-eventos-extremos\/","title":{"rendered":"Planejamento para eventos extremos"},"content":{"rendered":"<div class=\"Planejamento para eventos extremos\">\n<p align=\"right\"><em> <img decoding=\"async\" class=\"size-full wp-image-29325 alignnone\" src=\"https:\/\/redepermacultura.ufsc.br\/ensinandopermacultura\/wp-content\/uploads\/sites\/3\/2021\/03\/mini_marcelo.png\" alt=\"\" width=\"143\" height=\"136\" \/><img decoding=\"async\" class=\"size-full wp-image-29327 alignnone\" src=\"https:\/\/redepermacultura.ufsc.br\/ensinandopermacultura\/wp-content\/uploads\/sites\/3\/2021\/03\/mini_arthur.png\" alt=\"\" width=\"138\" height=\"138\" \/><\/em><\/p>\n<h2><a href=\"https:\/\/redepermacultura.ufsc.br\/ensinandopermacultura\/wp-content\/uploads\/sites\/3\/2021\/03\/conteudo_atualizado.png\"><img decoding=\"async\" class=\"alignright size-full wp-image-29481\" src=\"https:\/\/redepermacultura.ufsc.br\/ensinandopermacultura\/wp-content\/uploads\/sites\/3\/2021\/03\/conteudo_atualizado.png\" alt=\"\" width=\"95\" height=\"96\" \/><\/a>Import\u00e2ncia<\/h2>\n<p>Em um mundo que passa por fortes mudan\u00e7as ambientais, os eventos extremos de dissipa\u00e7\u00e3o de energia na natureza est\u00e3o cada vez mais frequentes. Nesse cen\u00e1rio, passar informa\u00e7\u00f5es aos participantes se torna cada vez mais importante, visto que muitos deles procurar\u00e3o terras n\u00e3o ocupadas e muitas vezes degradadas para se estabelecer e viver.<\/p>\n<h2>Objetivos<\/h2>\n<p>Apresentar os eventos extremos e suas formas de manifesta\u00e7\u00e3o, intensidades, locais mais comuns de ocorr\u00eancia e propor estrat\u00e9gias e a\u00e7\u00f5es de planejamento que possam prevenir incidentes e aumentar a resili\u00eancia humana frente a cat\u00e1strofes.<\/p>\n<h2>Conte\u00fado m\u00ednimo<\/h2>\n<p>\u00c9 preciso classificar os eventos extremos, desde os menos nocivos at\u00e9 os mais desastrosos para o conhecimento do m\u00e1ximo de possibilidades e a nossa perman\u00eancia em um determinado assentamento humano.<\/p>\n<p>Consideram-se os eventos menos nocivos aqueles que podem ser contornados com estrat\u00e9gias de resili\u00eancia e mais nocivos ou desastrosos os que demandam repara\u00e7\u00f5es no ambiente planejado.<\/p>\n<p>Dica: \u00c9 importante lembrar que como esp\u00e9cie migrat\u00f3ria, a humanidade viveria em plena harmonia com eventos extremos, pois jamais precisaria estar presa a uma \u00fanica paisagem, podendo assim, migrar atr\u00e1s de recursos necess\u00e1rios \u00e0 sua sobreviv\u00eancia. Por\u00e9m, esse cen\u00e1rio migrat\u00f3rio \u00e9 imposs\u00edvel dentro da realidade de capacidade de suporte planet\u00e1ria ultrapassada e na vig\u00eancia do direito de propriedade impetrado pela nossa civiliza\u00e7\u00e3o \u201cmoderna\u201d.<\/p>\n<h2>Metodologia<\/h2>\n<p>Uso de aula interativa, expositiva e participativa para aflorar as opini\u00f5es do grande grupo acerca dos eventos extremos.<\/p>\n<p>A aula interativa compreende dois momentos separados por uma breve exposi\u00e7\u00e3o conceitual. A primeira intera\u00e7\u00e3o \u00e9 dedicada ao reconhecimento dos eventos extremos, para saber como lidar com eles. Nela o instrutor deve mediar as opini\u00f5es e tamb\u00e9m conduzir o grupo ao objetivo principal. Logo ap\u00f3s, h\u00e1 um tempo para que o instrutor possa repassar alguns conceitos-chave sobre eventos extremos. Ap\u00f3s isso, \u00e9 sugerida uma segunda intera\u00e7\u00e3o em que os alunos s\u00e3o separados em grupos para discuss\u00e3o dos fen\u00f4menos associados a cada elemento natural.<\/p>\n<h3>Primeira intera\u00e7\u00e3o<\/h3>\n<p><img decoding=\"async\" class=\"alignleft size-full wp-image-192\" src=\"https:\/\/redepermacultura.ufsc.br\/ensinandopermacultura\/wp-content\/uploads\/sites\/3\/2020\/03\/tempo.png\" alt=\"\" width=\"46\" height=\"59\" \/>2 horas<\/p>\n<p>Separe os participantes em grupos que representam os elementos naturais \u2013 \u00e1gua, fogo, ar e terra. \u00c9 aconselh\u00e1vel usar os mesmos grupos preestabelecidos que ir\u00e3o seguir unidos at\u00e9 o projeto final de planejamento.<\/p>\n<p>Ap\u00f3s isso, solicite que cada grupo liste eventos extremos ou n\u00e3o vinculados ao seu elemento natural. Assim, o grupo \u201c\u00e1gua\u201d listar\u00e1 os eventos que julguem vinculados \u00e0 \u00e1gua e assim por diante. Para isso ser\u00e3o necess\u00e1rios cerca de 15 minutos de discuss\u00e3o em grupo.<\/p>\n<p>Ap\u00f3s esse momento, o instrutor cria um gr\u00e1fico com dois eixos ortogonais e nomeia os eixos de acordo com cada elemento natural, opondo <strong>ar<\/strong> \u00e0 <strong>terra<\/strong> e <strong>fogo<\/strong> \u00e0 <strong>\u00e1gua<\/strong>. Se desejar, o instrutor pode ainda inserir uma escala de 1 a 5 ou de 1 a 10 para cada um dos lados dos eixos, buscando dar visibilidade \u00e0s diferentes intensidades dos eventos extremos que vir\u00e3o no pr\u00f3ximo passo.<\/p>\n<figure id=\"attachment_28727\" aria-describedby=\"caption-attachment-28727\" style=\"width: 640px\" class=\"wp-caption alignnone\"><img decoding=\"async\" class=\"wp-image-28727 size-large\" src=\"https:\/\/redepermacultura.ufsc.br\/ensinandopermacultura\/wp-content\/uploads\/sites\/3\/2020\/05\/eventos_extremos04-1024x768.jpg\" alt=\"\" width=\"640\" height=\"480\" srcset=\"https:\/\/redepermacultura.ufsc.br\/ensinandopermacultura\/wp-content\/uploads\/sites\/3\/2020\/05\/eventos_extremos04-1024x768.jpg 1024w, https:\/\/redepermacultura.ufsc.br\/ensinandopermacultura\/wp-content\/uploads\/sites\/3\/2020\/05\/eventos_extremos04-300x225.jpg 300w, https:\/\/redepermacultura.ufsc.br\/ensinandopermacultura\/wp-content\/uploads\/sites\/3\/2020\/05\/eventos_extremos04-768x576.jpg 768w, https:\/\/redepermacultura.ufsc.br\/ensinandopermacultura\/wp-content\/uploads\/sites\/3\/2020\/05\/eventos_extremos04.jpg 1200w\" sizes=\"(max-width: 640px) 100vw, 640px\" \/><figcaption id=\"caption-attachment-28727\" class=\"wp-caption-text\">Momento da primeira intera\u00e7\u00e3o mediada pelo instrutor. Foto: Marcelo Venturi.<\/figcaption><\/figure>\n<p>A seguir, o instrutor ir\u00e1 preencher o gr\u00e1fico com os eventos extremos listados por cada grupo, inserindo-os de acordo com a intensidade de cada evento, ao longo do eixo correspondente ao elemento natural (essa inser\u00e7\u00e3o tamb\u00e9m pode ser feita por algum participante de cada grupo). Segue-se o processo com os demais grupos, buscando mostrar haver eventos promovidos por mais de um elemento natural (por exemplo, a erup\u00e7\u00e3o vulc\u00e2nica) que podem ficar localizados entre diferentes eixos (terra e fogo neste caso).<\/p>\n<p>Construa o gr\u00e1fico respeitando a disposi\u00e7\u00e3o dos elementos naturais antag\u00f4nicos. Assim, posicione o <strong>ar<\/strong> em oposi\u00e7\u00e3o \u00e0 <strong>terra<\/strong> e a <strong>\u00e1gua<\/strong> em oposi\u00e7\u00e3o ao <strong>fogo<\/strong>.\u00a0 Por quest\u00f5es did\u00e1ticas \u00e9 interessante posicionar no eixo vertical os elementos conforme vemos na natureza. Dessa forma, temos duas op\u00e7\u00f5es de posicionamento: o <strong>fogo<\/strong>, que tende a subir,\u00a0em cima e a <strong>\u00e1gua<\/strong>, que tende a descer, embaixo ou o <strong>ar<\/strong> em cima e \u00e0 <strong>terra<\/strong> embaixo.<\/p>\n<p>A disposi\u00e7\u00e3o did\u00e1tica mais adequada, conforme a figura a seguir, coloca no eixo vertical \u00e0 <strong>terra<\/strong> embaixo, o <strong>ar<\/strong> em cima e, no eixo horizontal, a <strong>\u00e1gua<\/strong> e o <strong>fogo<\/strong>. Isso se deve em virtude do que compreendemos em termos de vis\u00e3o, pois vemos sempre \u00e0 <strong>terra<\/strong> como base para tudo, o <strong>ar<\/strong> sempre acima e as manifesta\u00e7\u00f5es vinculadas \u00e0 <strong>\u00e1gua<\/strong> e ao <strong>fogo<\/strong> sempre ocorrendo junto \u00e0 superf\u00edcie da terra.<\/p>\n<figure id=\"attachment_29484\" aria-describedby=\"caption-attachment-29484\" style=\"width: 960px\" class=\"wp-caption alignright\"><a href=\"https:\/\/redepermacultura.ufsc.br\/ensinandopermacultura\/wp-content\/uploads\/sites\/3\/2020\/03\/Eventos-extremos-elementos_eventos.png\"><img decoding=\"async\" class=\"wp-image-29484 size-full\" src=\"https:\/\/redepermacultura.ufsc.br\/ensinandopermacultura\/wp-content\/uploads\/sites\/3\/2020\/03\/Eventos-extremos-elementos_eventos.png\" alt=\"\" width=\"960\" height=\"540\" srcset=\"https:\/\/redepermacultura.ufsc.br\/ensinandopermacultura\/wp-content\/uploads\/sites\/3\/2020\/03\/Eventos-extremos-elementos_eventos.png 960w, https:\/\/redepermacultura.ufsc.br\/ensinandopermacultura\/wp-content\/uploads\/sites\/3\/2020\/03\/Eventos-extremos-elementos_eventos-300x169.png 300w, https:\/\/redepermacultura.ufsc.br\/ensinandopermacultura\/wp-content\/uploads\/sites\/3\/2020\/03\/Eventos-extremos-elementos_eventos-768x432.png 768w\" sizes=\"(max-width: 960px) 100vw, 960px\" \/><\/a><figcaption id=\"caption-attachment-29484\" class=\"wp-caption-text\">Elementos naturais e eventos extremos associados distribu\u00eddos pelo grupo de participantes no gr\u00e1fico.<\/figcaption><\/figure>\n<p>Ap\u00f3s todos os elementos inseridos no gr\u00e1fico, consulte todos os participantes a respeito dos eventos extremos que s\u00e3o pass\u00edveis de serem prevenidos atrav\u00e9s do planejamento. Com a opini\u00e3o geral, trace uma linha que envolva esses eventos. Como resultado, teremos uma linha que ir\u00e1 separar os eventos preven\u00edveis dos mitig\u00e1veis.<\/p>\n<figure id=\"attachment_29485\" aria-describedby=\"caption-attachment-29485\" style=\"width: 960px\" class=\"wp-caption alignright\"><a href=\"https:\/\/redepermacultura.ufsc.br\/ensinandopermacultura\/wp-content\/uploads\/sites\/3\/2020\/03\/Eventos-extremos-prevenivel_mitigavel.png\"><img decoding=\"async\" class=\"wp-image-29485 size-full\" src=\"https:\/\/redepermacultura.ufsc.br\/ensinandopermacultura\/wp-content\/uploads\/sites\/3\/2020\/03\/Eventos-extremos-prevenivel_mitigavel.png\" alt=\"\" width=\"960\" height=\"540\" srcset=\"https:\/\/redepermacultura.ufsc.br\/ensinandopermacultura\/wp-content\/uploads\/sites\/3\/2020\/03\/Eventos-extremos-prevenivel_mitigavel.png 960w, https:\/\/redepermacultura.ufsc.br\/ensinandopermacultura\/wp-content\/uploads\/sites\/3\/2020\/03\/Eventos-extremos-prevenivel_mitigavel-300x169.png 300w, https:\/\/redepermacultura.ufsc.br\/ensinandopermacultura\/wp-content\/uploads\/sites\/3\/2020\/03\/Eventos-extremos-prevenivel_mitigavel-768x432.png 768w\" sizes=\"(max-width: 960px) 100vw, 960px\" \/><\/a><figcaption id=\"caption-attachment-29485\" class=\"wp-caption-text\">Delimita\u00e7\u00e3o, baseada no entendimento dos participantes, a respeito dos eventos extremos preven\u00edveis e mitig\u00e1veis.<\/figcaption><\/figure>\n<p>O gr\u00e1fico parece completo, mas n\u00e3o est\u00e1. \u00c9 necess\u00e1rio inserir o fator antr\u00f3pico, ou seja, da esp\u00e9cie humana desconectada da natureza. Em conjunto com todos os participantes, solicite que indiquem alguns eventos extremos causados pela a\u00e7\u00e3o humana e elenque-os de acordo com a intensidade, assim como foi feito com aqueles vinculados aos demais elementos naturais.<\/p>\n<p>A sugest\u00e3o de representa\u00e7\u00e3o no gr\u00e1fico \u00e9 inserir um imagin\u00e1rio eixo \u201cz\u201d, que representa esse fator antr\u00f3pico, e tentar identificar como esses eventos extremos de cunho antr\u00f3pico influenciam nos demais. A resultante ser\u00e1 uma espiral que permeia todos os elementos e tem a potencialidade de incrementar ou reduzir seus efeitos. Siga na discuss\u00e3o sobre como ser\u00e3o essas mudan\u00e7as.<\/p>\n<figure id=\"attachment_29486\" aria-describedby=\"caption-attachment-29486\" style=\"width: 960px\" class=\"wp-caption alignright\"><a href=\"https:\/\/redepermacultura.ufsc.br\/ensinandopermacultura\/wp-content\/uploads\/sites\/3\/2020\/03\/Eventos-extremos-antropoceno.png\"><img decoding=\"async\" class=\"wp-image-29486\" src=\"https:\/\/redepermacultura.ufsc.br\/ensinandopermacultura\/wp-content\/uploads\/sites\/3\/2020\/03\/Eventos-extremos-antropoceno.png\" alt=\"\" width=\"960\" height=\"540\" srcset=\"https:\/\/redepermacultura.ufsc.br\/ensinandopermacultura\/wp-content\/uploads\/sites\/3\/2020\/03\/Eventos-extremos-antropoceno.png 960w, https:\/\/redepermacultura.ufsc.br\/ensinandopermacultura\/wp-content\/uploads\/sites\/3\/2020\/03\/Eventos-extremos-antropoceno-300x169.png 300w, https:\/\/redepermacultura.ufsc.br\/ensinandopermacultura\/wp-content\/uploads\/sites\/3\/2020\/03\/Eventos-extremos-antropoceno-768x432.png 768w\" sizes=\"(max-width: 960px) 100vw, 960px\" \/><\/a><figcaption id=\"caption-attachment-29486\" class=\"wp-caption-text\">Elenco de eventos extremos vinculados ao fator antr\u00f3pico e sua inser\u00e7\u00e3o no gr\u00e1fico. Foto: Arthur Nanni.<\/figcaption><\/figure>\n<h3>Exposi\u00e7\u00e3o<\/h3>\n<p><img decoding=\"async\" class=\"alignleft size-full wp-image-192\" src=\"https:\/\/redepermacultura.ufsc.br\/ensinandopermacultura\/wp-content\/uploads\/sites\/3\/2020\/03\/tempo.png\" alt=\"\" width=\"46\" height=\"59\" \/>30 min<\/p>\n<p>Uma vez incorporados os eventos extremos, sua vincula\u00e7\u00e3o com cada elemento natural, ranqueadas as suas intensidades e separados os eventos preven\u00edveis dos remedi\u00e1veis, \u00e9 importante explicar os conceitos de desastre, vulnerabilidade, risco, adaptabilidade e resili\u00eancia:<\/p>\n<ul>\n<li>Desastre \u2013 evento de causa natural, comportamental, antr\u00f3pica e\/ou tecnol\u00f3gica que afeta a normalidade do funcionamento dos ecossistemas e das sociedades que dele dependem.<\/li>\n<li>Vulnerabilidade \u2013 \u00e9 a situa\u00e7\u00e3o que indica um estado de fraqueza, inseguran\u00e7a ou instabilidade que pode se referir tanto ao comportamento das pessoas, a objetos, condi\u00e7\u00f5es, ideias e outros.<\/li>\n<li>Risco \u2013 \u00e9 quando, uma vez vulner\u00e1vel a uma determinada situa\u00e7\u00e3o, h\u00e1 a possibilidade de haver danos e preju\u00edzos \u00e0 sociedade, afetando a economia e os ecossistemas.<\/li>\n<li>Resili\u00eancia \u2013 \u00c9 a capacidade de algo retornar ao seu equil\u00edbrio din\u00e2mico e se manter \u00edntegro para perfazer suas fun\u00e7\u00f5es.<\/li>\n<li>Adaptabilidade \u2013 \u00c9 a capacidade que algo ou algu\u00e9m possui em rela\u00e7\u00e3o a sua adapta\u00e7\u00e3o a condi\u00e7\u00f5es impostas.<\/li>\n<\/ul>\n<h3>Segunda intera\u00e7\u00e3o<\/h3>\n<p><img decoding=\"async\" class=\"alignleft size-full wp-image-192\" src=\"https:\/\/redepermacultura.ufsc.br\/ensinandopermacultura\/wp-content\/uploads\/sites\/3\/2020\/03\/tempo.png\" alt=\"\" width=\"46\" height=\"59\" \/>60 min<\/p>\n<p>Ap\u00f3s compartilhado esse conhecimento, chegou a hora de aplic\u00e1-lo ao planejamento. Assim, solicite que os grupos se separem novamente e estabele\u00e7a as seguintes atividades:<\/p>\n<ul>\n<li>Pensar\/discutir a respeito de m\u00e9todos\/formas de prevenir e remediar os eventos extremos vinculados ao seu elemento natural (20 min).<\/li>\n<li>Elencar cada evento e as t\u00e9cnicas encontradas em uma breve apresenta\u00e7\u00e3o (10 min).<\/li>\n<li>Apresentar ao grande grupo os resultados (30 min).<\/li>\n<\/ul>\n<figure id=\"attachment_29423\" aria-describedby=\"caption-attachment-29423\" style=\"width: 640px\" class=\"wp-caption aligncenter\"><a href=\"https:\/\/redepermacultura.ufsc.br\/ensinandopermacultura\/wp-content\/uploads\/sites\/3\/2020\/03\/eventos_extremos07.jpg\"><img decoding=\"async\" class=\"size-full wp-image-29423\" src=\"https:\/\/redepermacultura.ufsc.br\/ensinandopermacultura\/wp-content\/uploads\/sites\/3\/2020\/03\/eventos_extremos07.jpg\" alt=\"Um dia ensolarado com grupos de pessoas sentados na grama discutindo sobre eventos extremos.\" width=\"640\" height=\"480\" srcset=\"https:\/\/redepermacultura.ufsc.br\/ensinandopermacultura\/wp-content\/uploads\/sites\/3\/2020\/03\/eventos_extremos07.jpg 640w, https:\/\/redepermacultura.ufsc.br\/ensinandopermacultura\/wp-content\/uploads\/sites\/3\/2020\/03\/eventos_extremos07-300x225.jpg 300w\" sizes=\"(max-width: 640px) 100vw, 640px\" \/><\/a><figcaption id=\"caption-attachment-29423\" class=\"wp-caption-text\">Grupos separados pelos elementos naturais discutindo sobre t\u00e9cnicas de planejamento para eventos extremos. Foto: Marcelo Venturi.<\/figcaption><\/figure>\n<blockquote><p><em>Dica: A apresenta\u00e7\u00e3o ir\u00e1 suscitar discuss\u00f5es que estimular\u00e3o os feedbacks coletivos. Aproveite a discuss\u00e3o para aprofundar o conhecimento.<\/em><\/p><\/blockquote>\n<h3><span style=\"color: #ff0000;\">Atividade no EaD<\/span><\/h3>\n<h2>Conte\u00fado Complementar<\/h2>\n<h3>V\u00eddeos<\/h3>\n<ul>\n<li>Assista \u00e0 <em>playlist<\/em> <a href=\"https:\/\/www.youtube.com\/playlist?list=PLBkLTk0zlYHvvKtJHPUAz5iB1otVOHdA7\">PDC &#8211; planejamento para eventos extremos<\/a>\u00a0no canal da Rede NEPerma Brasil.<\/li>\n<\/ul>\n<h3><span style=\"color: #ff0000;\">Leitura<\/span><\/h3>\n<h3>Aula<\/h3>\n<ul>\n<li>Acesse o conte\u00fado da aula <a href=\"https:\/\/docs.google.com\/presentation\/d\/e\/2PACX-1vTDH785DGPShlb6i1AU-A62BeyeYH5TDwRu6dkSg49ZAol_o3wMTRAC_3-cvvjklXEFZDumzt5wT3LQ\/pub?start=false&amp;loop=false&amp;delayms=60000\">Planejamento para eventos extremos<\/a>.<\/li>\n<\/ul>\n<h2><span style=\"color: #000000;\">Refer\u00eancias sugeridas<\/span><\/h2>\n<p>Morrow, R. (2014). Earth User\u2019s Guide to Teaching Permaculture. Permanent Publications.<\/p>\n<p><span style=\"font-weight: 400;\">V\u0169, H. L. (2018). Permaculture solutions for climate change, case study in da Bac district, Hoa Binh province.\u00a0 <\/span><a href=\"https:\/\/www.academia.edu\/37563430\/PERMACULTURE_SOLUTIONS_FOR_CLIMATE_CHANGE_CASE_STUDY_IN_DA_BAC_DISTRICT_HOA_BINH_PROVINCE\"><span style=\"font-weight: 400;\">https:\/\/www.academia.edu\/37563430\/PERMACULTURE_SOLUTIONS_FOR_CLIMATE_CHANGE_CASE_STUDY_IN_DA_BAC_DISTRICT_HOA_BINH_PROVINCE<\/span><\/a><\/p>\n<p><a href=\"https:\/\/redepermacultura.ufsc.br\/ensinandopermacultura\/contato-do-capitulo-planejamento-para-eventos-extremos\/\">Entre em contato com os autores<\/a><\/p>\n<\/div>\n","protected":false},"excerpt":{"rendered":"<p>Import\u00e2ncia Em um mundo que passa por fortes mudan\u00e7as ambientais, os eventos extremos de dissipa\u00e7\u00e3o de energia na natureza est\u00e3o cada vez mais frequentes. Nesse cen\u00e1rio, passar informa\u00e7\u00f5es aos participantes se torna cada vez mais importante, visto que muitos deles procurar\u00e3o terras n\u00e3o ocupadas e muitas vezes degradadas para se estabelecer e viver. Objetivos Apresentar [&hellip;]<\/p>\n","protected":false},"author":21,"featured_media":0,"comment_status":"closed","ping_status":"closed","sticky":false,"template":"","format":"standard","meta":{"activitypub_content_warning":"","activitypub_content_visibility":"","activitypub_max_image_attachments":4,"activitypub_interaction_policy_quote":"anyone","activitypub_status":"federated","footnotes":""},"categories":[7],"tags":[],"coauthors":[29,24],"class_list":["post-73","post","type-post","status-publish","format-standard","hentry","category-humanos-na-paisagem"],"_links":{"self":[{"href":"https:\/\/redepermacultura.ufsc.br\/ensinandopermacultura\/wp-json\/wp\/v2\/posts\/73","targetHints":{"allow":["GET"]}}],"collection":[{"href":"https:\/\/redepermacultura.ufsc.br\/ensinandopermacultura\/wp-json\/wp\/v2\/posts"}],"about":[{"href":"https:\/\/redepermacultura.ufsc.br\/ensinandopermacultura\/wp-json\/wp\/v2\/types\/post"}],"author":[{"embeddable":true,"href":"https:\/\/redepermacultura.ufsc.br\/ensinandopermacultura\/wp-json\/wp\/v2\/users\/21"}],"replies":[{"embeddable":true,"href":"https:\/\/redepermacultura.ufsc.br\/ensinandopermacultura\/wp-json\/wp\/v2\/comments?post=73"}],"version-history":[{"count":17,"href":"https:\/\/redepermacultura.ufsc.br\/ensinandopermacultura\/wp-json\/wp\/v2\/posts\/73\/revisions"}],"predecessor-version":[{"id":29992,"href":"https:\/\/redepermacultura.ufsc.br\/ensinandopermacultura\/wp-json\/wp\/v2\/posts\/73\/revisions\/29992"}],"wp:attachment":[{"href":"https:\/\/redepermacultura.ufsc.br\/ensinandopermacultura\/wp-json\/wp\/v2\/media?parent=73"}],"wp:term":[{"taxonomy":"category","embeddable":true,"href":"https:\/\/redepermacultura.ufsc.br\/ensinandopermacultura\/wp-json\/wp\/v2\/categories?post=73"},{"taxonomy":"post_tag","embeddable":true,"href":"https:\/\/redepermacultura.ufsc.br\/ensinandopermacultura\/wp-json\/wp\/v2\/tags?post=73"},{"taxonomy":"author","embeddable":true,"href":"https:\/\/redepermacultura.ufsc.br\/ensinandopermacultura\/wp-json\/wp\/v2\/coauthors?post=73"}],"curies":[{"name":"wp","href":"https:\/\/api.w.org\/{rel}","templated":true}]}}