{"id":1299,"date":"2022-09-30T09:25:14","date_gmt":"2022-09-30T12:25:14","guid":{"rendered":"http:\/\/ensinandopermacultura.ufsc.br\/?p=1299"},"modified":"2022-09-30T09:24:35","modified_gmt":"2022-09-30T12:24:35","slug":"ecologia-cultivada-por-jefferson-mota","status":"publish","type":"post","link":"https:\/\/redepermacultura.ufsc.br\/ensinandopermacultura\/2022\/09\/30\/ecologia-cultivada-por-jefferson-mota\/","title":{"rendered":"Ecologia cultivada &#8211; por Jefferson Mota"},"content":{"rendered":"<p align=\"right\"><img decoding=\"async\" class=\"alignnone\" src=\"https:\/\/redepermacultura.ufsc.br\/ensinandopermacultura\/wp-content\/uploads\/sites\/3\/2021\/03\/mini_jefferson.png\" alt=\"\" width=\"137\" height=\"123\" \/><\/p>\n<h2 style=\"text-align: left;\" align=\"right\">Import\u00e2ncia<\/h2>\n<p><a href=\"https:\/\/redepermacultura.ufsc.br\/ensinandopermacultura\/wp-content\/uploads\/sites\/3\/2021\/03\/conteudo_novo.png\"><img decoding=\"async\" class=\"alignright size-full wp-image-29480\" src=\"https:\/\/redepermacultura.ufsc.br\/ensinandopermacultura\/wp-content\/uploads\/sites\/3\/2021\/03\/conteudo_novo.png\" alt=\"\" width=\"93\" height=\"96\" \/><\/a>Compreender os diferentes modos de produ\u00e7\u00e3o de alimentos no planejamento permacultural \u00e9 essencial,\u00a0 afinal, temos envolvidos dois princ\u00edpios de planejamento b\u00e1sicos: &#8220;Capte e armazene energia&#8221; e &#8220;Obtenha rendimento&#8221;. O primeiro passo que um\/a permacultor\/a pode dar dentro do seu espa\u00e7o, seja ele urbano ou rural, \u00e9 tentar produzir parte do alimento que consome, mesmo que seja apenas uma erva medicinal, arom\u00e1tica ou at\u00e9 uma pequena \u00e1rvore frut\u00edfera.<\/p>\n<h2>Objetivo<\/h2>\n<p>Apresentar ao leitor diferentes m\u00e9todos de agricultura focados em sistemas agroflorestais e agricultura sintr\u00f3pica, os quais se apresentam como eficientes e inteligentes para o contexto permacultural e regenera\u00e7\u00e3o de \u00e1reas degradas. Al\u00e9m disso, fornecem uma grande diversidade de alimentos, ervas medicinais, madeiras e poss\u00edveis cons\u00f3rcios com animais, gerando maior abund\u00e2ncia dentro do agroecossistema.<\/p>\n<h2>Conte\u00fado m\u00ednimo<\/h2>\n<p>Ciclagem de nutrientes, produ\u00e7\u00e3o de alimentos e uso eficiente da fotoss\u00edntese.<\/p>\n<h2>Metodologia<\/h2>\n<p>Exposi\u00e7\u00e3o dos temas propostos na aula, atrav\u00e9s da proje\u00e7\u00e3o de imagens e v\u00eddeos para melhor compreens\u00e3o e introdu\u00e7\u00e3o ao tema central da produ\u00e7\u00e3o de alimentos atrav\u00e9s dos sistemas agroflorestais e da Agricultura Sintr\u00f3pica.<\/p>\n<h3>Exposi\u00e7\u00e3o de conte\u00fados<\/h3>\n<p><img decoding=\"async\" src=\"https:\/\/redepermacultura.ufsc.br\/ensinandopermacultura\/wp-content\/uploads\/sites\/3\/2020\/03\/tempo.png\" alt=\"\" width=\"46\" height=\"59\" \/>45 min<\/p>\n<p>Inicia-se a exposi\u00e7\u00e3o com um v\u00eddeo curto &#8220;<a href=\"https:\/\/vimeo.com\/144575429\">A idade do agricultor&#8221;<\/a> para sensibilizar os participantes. Na sequ\u00eancia, s\u00e3o apresentadas sucintamente duas formas de tratamento dos res\u00edduos org\u00e2nicos gerados em casa, uma atrav\u00e9s do <a href=\"https:\/\/www.youtube.com\/watch?v=mtzqNiAhpsM&amp;list=PLRc0nD3kqFt5dkUoAwAfnninRx4s4cjSb&amp;ab_channel=GuiCarioni\">M\u00e9todo UFSC de Compostagem<\/a>\u00a0e outro, por meio do <a href=\"https:\/\/www.embrapa.br\/en\/busca-de-publicacoes\/-\/publicacao\/746035\/minhocario-campeiro-de-baixo-custo-para-a-agricultura-familiar\">Minhoc\u00e1rio campeiro da Embrapa<\/a>. Ambas, consideradas refer\u00eancias para quem quiser se aprofundar no assunto.<\/p>\n<p>Da\u00ed o tema para o cultivo de alimentos pode ser iniciado. Sugere-se apresentar rapidamente alguns dos diferentes modos de fazer agricultura e suas caracter\u00edsticas, focando em sistemas de abund\u00e2ncia para produ\u00e7\u00e3o de alimentos para os grandes mam\u00edferos (Rebello, 2018). Ao longo dessa etapa \u00e9 importante retomar em grupo a pergunta: A permacultura ainda pode ser considerada apenas um modo de produ\u00e7\u00e3o agr\u00edcola?<\/p>\n<figure style=\"width: 660px\" class=\"wp-caption alignnone\"><img decoding=\"async\" src=\"https:\/\/redepermacultura.ufsc.br\/ensinandopermacultura\/wp-content\/uploads\/sites\/3\/2021\/03\/rebello_2018_sistemas_de_armazenamento_energia-1024x773.png\" alt=\"\" width=\"660\" height=\"498\" \/><figcaption class=\"wp-caption-text\">Partindo o sistema de coloniza\u00e7\u00e3o, passando para o sistema de acumula\u00e7\u00e3o para atingir o sistema de abund\u00e2ncia e produzir alimentos para os grandes mam\u00edferos. Fonte: REBELLO (2018).<\/figcaption><\/figure>\n<h3>Din\u00e2micas<\/h3>\n<p>O mais importante no desenvolvimento de din\u00e2micas de aprendizado \u00e9 apresentar as diferentes dimens\u00f5es das agriculturas ecol\u00f3gicas. Na Agricultura Sintr\u00f3pica s\u00e3o trabalhadas\u00a0 4 dimens\u00f5es: a largura, o comprimento, a altura e o tempo de cada planta no sistema.<\/p>\n<p>Duas din\u00e2micas podem ser aplicadas para instigar a criatividade do grupo de participantes. A primeira \u00e9 mais complexa, pois envolve um processo de produ\u00e7\u00e3o das pe\u00e7as usando-se massa de <em>biscuit<\/em>. J\u00e1 a segunda, pode ser realizada com diferentes ramos de \u00e1rvores e arbustos (representando as \u00e1rvores dos estratos m\u00e9dio, alto e emergente) e folhas de diferentes formatos para representar os estratos baixo e rasteiro, utilizando uma caixa com areia ou um canteiro arenoso para montagem da maquete.<\/p>\n<h4>Agro.florestinha com modelos em biscuit<\/h4>\n<p><img decoding=\"async\" src=\"https:\/\/redepermacultura.ufsc.br\/ensinandopermacultura\/wp-content\/uploads\/sites\/3\/2020\/03\/tempo.png\" alt=\"\" width=\"46\" height=\"59\" \/>30 min<\/p>\n<p>A Agro.florestinha compreende uma\u00a0 ferramenta l\u00fadica usada para o ensino da estratifica\u00e7\u00e3o e perman\u00eancia de cada esp\u00e9cie no sistema ao longo do tempo. Essa din\u00e2mica deve ser realizada antes da parte pr\u00e1tica &#8211; se poss\u00edvel &#8211; para um maior entendimento e fixa\u00e7\u00e3o do conte\u00fado da aula expositiva. A Agro.florestinha foi desenvolvida a partir da observa\u00e7\u00e3o da dificuldade do p\u00fablico em compreender essas &#8220;4 dimens\u00f5es&#8221;.<\/p>\n<figure style=\"width: 660px\" class=\"wp-caption alignnone\"><a href=\"https:\/\/redepermacultura.ufsc.br\/ensinandopermacultura\/wp-content\/uploads\/sites\/3\/2020\/04\/CP_100520_0044_IMG_9837.png\"><img decoding=\"async\" src=\"https:\/\/redepermacultura.ufsc.br\/ensinandopermacultura\/wp-content\/uploads\/sites\/3\/2020\/04\/CP_100520_0044_IMG_9837-1024x683.png\" alt=\"O instrutor mostrando a disposi\u00e7\u00e3o dos vegetais feitos com massa de biscuit dentro do sistema agloflorestal.\" width=\"660\" height=\"440\" \/><\/a><figcaption class=\"wp-caption-text\">Sistema Agro.florestinha visto de cima. Imagem: Jefferson Mota.<\/figcaption><\/figure>\n<h4>Agroflorestinha em Caixa de areia com folhas e galhos<\/h4>\n<p><img decoding=\"async\" src=\"https:\/\/redepermacultura.ufsc.br\/ensinandopermacultura\/wp-content\/uploads\/sites\/3\/2020\/03\/tempo.png\" alt=\"\" width=\"46\" height=\"59\" \/>30 min<\/p>\n<p>Essa metodologia \u00e9 sugerida pelo agr\u00f4nomo agrofloresteiro Fernando Rebello, do Centro de Estudos e Pesquisa em Agricultura Sintr\u00f3pica (CEPEAS). Essa atividade auxilia no aprendizado da din\u00e2mica sucessional e de estratifica\u00e7\u00e3o na agricultura sintr\u00f3pica. Um v\u00eddeo com maiores detalhes mostra sobre <a href=\"https:\/\/www.youtube.com\/watch?v=xBSZgx0fv_8&amp;t=468s\">Como podar, ralear e estratificar, plantando em alta densidade<\/a>\u00a0 mostra de forma pr\u00e1tica o arranjo plantio adensado para a cultura do caf\u00e9 em uma caixa de areia.<\/p>\n<div>\n<dl id=\"attachment_29224\">\n<dt>\n<figure style=\"width: 660px\" class=\"wp-caption aligncenter\"><a href=\"https:\/\/redepermacultura.ufsc.br\/ensinandopermacultura\/wp-content\/uploads\/sites\/3\/2020\/04\/cepeas_maquete.jpg\"><img decoding=\"async\" src=\"https:\/\/redepermacultura.ufsc.br\/ensinandopermacultura\/wp-content\/uploads\/sites\/3\/2020\/04\/cepeas_maquete-1024x576.jpg\" alt=\"A foto mostra Fernando Rebello apresentando o sistema de cons\u00f3rcio das \u00e1rvores atrav\u00e9s de folhas e galhos em uma caixa de areia.\" width=\"660\" height=\"371\" \/><\/a><figcaption class=\"wp-caption-text\">Maquete din\u00e2mica montada em caixa de areia e galhos. Fonte: CEPEAS (2020).<\/figcaption><\/figure>\n<p><span style=\"font-family: 'Open Sans Condensed', Helvetica, sans-serif; font-size: 24px; text-transform: uppercase;\">Pr\u00e1ticas<\/span><\/dt>\n<\/dl>\n<\/div>\n<h4>Implanta\u00e7\u00e3o de uma agrofloresta<\/h4>\n<p><img decoding=\"async\" src=\"https:\/\/redepermacultura.ufsc.br\/ensinandopermacultura\/wp-content\/uploads\/sites\/3\/2020\/03\/tempo.png\" alt=\"\" width=\"46\" height=\"59\" \/>90 min<\/p>\n<p>Encontre algum espa\u00e7o para um poss\u00edvel espa\u00e7o agroflorestal na pr\u00f3pria institui\u00e7\u00e3o de ensino ou agricultor local. Caso voc\u00ea n\u00e3o encontre, sugira o plantio de uma pequena \u00e1rea, pode ser entre 10m\u00b2 e 50m\u00b2, onde se possa plantar esp\u00e9cies adubadeiras, bananeiras, frut\u00edferas, ra\u00edzes, gr\u00e3os e hortali\u00e7as. Cada ano uma turma poder\u00e1 realizar uma interven\u00e7\u00e3o de plantio, colheita, poda, identifica\u00e7\u00e3o dos estratos, diversidade de insetos, fungos, diferentes microclimas.<\/p>\n<h2>Conte\u00fado complementar<\/h2>\n<h3>V\u00eddeos<\/h3>\n<ul>\n<li>Assista os v\u00eddeos &#8220;Da horta \u00e0 floresta&#8221;, &#8220;O que \u00e9 uma floresta de alimentos?&#8221; e a &#8220;A intelig\u00eancia da floresta&#8221;\u00a0na <em>playlist<\/em> <a href=\"https:\/\/youtube.com\/playlist?list=PLBkLTk0zlYHsqqgoBVia4HExYt-Ggalue\">Ecologia cultivada<\/a> no canal da Rede NEPerma Brasil.<\/li>\n<\/ul>\n<blockquote><p>Dica: Alguns v\u00eddeos que tem \u00e1udio em ingl\u00eas, possuem legendas em portugu\u00eas. Para ativ\u00e1-las,\u00a0 clique na engrenagem que fica no canto inferior direito da tela do v\u00eddeo e selecione o portugu\u00eas como idioma.<\/p><\/blockquote>\n<h3>Leitura<\/h3>\n<ul>\n<li><a href=\"https:\/\/cepeas.org\/wp-content\/uploads\/2018\/05\/1-Princi%CC%81pios-de-Agricultura-Sintro%CC%81pica.pdf\">Princ\u00edpios de Agricultura Sintr\u00f3pica segundo Ernst Gotsch (CEPEAS)<\/a> (2018)<\/li>\n<li><a href=\"https:\/\/moodle.ufsc.br\/pluginfile.php\/1935293\/mod_resource\/content\/1\/agroflorestando-omundo.pdf\">Agroflorestando o mundo de fac\u00e3o\u00a0 a trator<\/a> (2016)<\/li>\n<li><a href=\"http:\/\/www.dsea.ufpr.br\/publicacoes\/agrofloresta_aprendendo_a_produzir_com_a_natureza.pdf\">Agrofloresta: aprendendo a produzir com a natureza<\/a> (2013)<\/li>\n<li><a href=\"http:\/\/www.icmbio.gov.br\/educacaoambiental\/images\/stories\/biblioteca\/permacultura\/livro_AGROFLORESTA_ECOLOGIA_E_SOCIEDADE.pdf\">Agrofloresta, ecologia e sociedade<\/a> (2013)<\/li>\n<li><a href=\"https:\/\/www.slideshare.net\/Cepagro\/cartilha-revolucao-dos-baldinhos-a-tecnologia-social-da-gestao-comunitaria-de-residuos-organicos-e-agricultura-urbana?qid=f28458f9-d650-437c-a172-3d92c211bb11&amp;v=&amp;b=&amp;from_search=4\">Revolu\u00e7\u00e3o dos Baldinhos Tecnologia Social<\/a><\/li>\n<li><a href=\"https:\/\/www.researchgate.net\/publication\/328572545_Epoca_de_coleta_de_frutos_e_sementes_nativos_para_recomposicao_ambiental_no_bioma_Mata_Atlantica\">Bioma Mata Atl\u00e2ntica \u00c9poca de colheita de sementes\u00a0<\/a><\/li>\n<li><a href=\"https:\/\/www.mma.gov.br\/estruturas\/sbf2008_dcbio\/_ebooks\/regiao_sul\/Regiao_Sul.pdf\">Plantas Para o Futuro &#8211; Regi\u00e3o Sul (2011)<\/a><\/li>\n<li><a href=\"https:\/\/www.embrapa.br\/en\/busca-de-publicacoes\/-\/publicacao\/1073295\/especies-nativas-da-flora-brasileira-de-valor-economico-atual-ou-potencial-plantas-para-o-futuro-regiao-centro-oeste\">Plantas Para o Futuro &#8211; Regi\u00e3o Centro-Oeste (2018)<\/a><\/li>\n<\/ul>\n<h3>AULA<\/h3>\n<ul>\n<li>Acesse o conte\u00fado da\u00a0aula <a href=\"https:\/\/docs.google.com\/presentation\/d\/e\/2PACX-1vRLhjghRFlAh8udfS3e1igK7gRnDuPwnCVpD-n7OBQphZQeo2LnFnuIy5GKwub2eRkkdZbLimWsaMjF\/pub?start=false&amp;loop=false&amp;delayms=60000\">Ecologia cultivada &#8211; por Jefferson Mota<\/a>.<\/li>\n<\/ul>\n<h2>Refer\u00eancias sugeridas<\/h2>\n<p>MESSERSCHMIDT, N.M; CORR\u00caA NETO, N.E,; STEENBOCK, W; MONNERAT, P.F. Agroflorestando o Mundo de Fac\u00e3o a Trator. Barra do Turvo, 2016.<\/p>\n<p>REBELLO, J.F.S; SAKAMOTO, D.G. Agricultura Sintr\u00f3pica segundo Ernst Gotsch. S\u00e3o Paulo: Ed. Reviver, 2021.<\/p>\n<p>STEENBOCK, W; VEZZANI, F. Agrofloresta: Aprendendo a Produzir com a Natureza. 1 ed. Curitiba, ed. Fabiane Machado Vezzani, 2013.<\/p>\n<p><a href=\"https:\/\/redepermacultura.ufsc.br\/ensinandopermacultura\/contato-ecologia-cultivada-por-jefferson-mota\/\">Entre em contato com o autor<\/a>.<\/p>\n","protected":false},"excerpt":{"rendered":"<p>Import\u00e2ncia Compreender os diferentes modos de produ\u00e7\u00e3o de alimentos no planejamento permacultural \u00e9 essencial,\u00a0 afinal, temos envolvidos dois princ\u00edpios de planejamento b\u00e1sicos: &#8220;Capte e armazene energia&#8221; e &#8220;Obtenha rendimento&#8221;. O primeiro passo que um\/a permacultor\/a pode dar dentro do seu espa\u00e7o, seja ele urbano ou rural, \u00e9 tentar produzir parte do alimento que consome, mesmo [&hellip;]<\/p>\n","protected":false},"author":14,"featured_media":0,"comment_status":"closed","ping_status":"closed","sticky":false,"template":"","format":"standard","meta":{"activitypub_content_warning":"","activitypub_content_visibility":"","activitypub_max_image_attachments":4,"activitypub_interaction_policy_quote":"anyone","activitypub_status":"","footnotes":""},"categories":[6],"tags":[],"coauthors":[25],"class_list":["post-1299","post","type-post","status-publish","format-standard","hentry","category-manejo-com-a-natureza"],"_links":{"self":[{"href":"https:\/\/redepermacultura.ufsc.br\/ensinandopermacultura\/wp-json\/wp\/v2\/posts\/1299","targetHints":{"allow":["GET"]}}],"collection":[{"href":"https:\/\/redepermacultura.ufsc.br\/ensinandopermacultura\/wp-json\/wp\/v2\/posts"}],"about":[{"href":"https:\/\/redepermacultura.ufsc.br\/ensinandopermacultura\/wp-json\/wp\/v2\/types\/post"}],"author":[{"embeddable":true,"href":"https:\/\/redepermacultura.ufsc.br\/ensinandopermacultura\/wp-json\/wp\/v2\/users\/14"}],"replies":[{"embeddable":true,"href":"https:\/\/redepermacultura.ufsc.br\/ensinandopermacultura\/wp-json\/wp\/v2\/comments?post=1299"}],"version-history":[{"count":31,"href":"https:\/\/redepermacultura.ufsc.br\/ensinandopermacultura\/wp-json\/wp\/v2\/posts\/1299\/revisions"}],"predecessor-version":[{"id":29063,"href":"https:\/\/redepermacultura.ufsc.br\/ensinandopermacultura\/wp-json\/wp\/v2\/posts\/1299\/revisions\/29063"}],"wp:attachment":[{"href":"https:\/\/redepermacultura.ufsc.br\/ensinandopermacultura\/wp-json\/wp\/v2\/media?parent=1299"}],"wp:term":[{"taxonomy":"category","embeddable":true,"href":"https:\/\/redepermacultura.ufsc.br\/ensinandopermacultura\/wp-json\/wp\/v2\/categories?post=1299"},{"taxonomy":"post_tag","embeddable":true,"href":"https:\/\/redepermacultura.ufsc.br\/ensinandopermacultura\/wp-json\/wp\/v2\/tags?post=1299"},{"taxonomy":"author","embeddable":true,"href":"https:\/\/redepermacultura.ufsc.br\/ensinandopermacultura\/wp-json\/wp\/v2\/coauthors?post=1299"}],"curies":[{"name":"wp","href":"https:\/\/api.w.org\/{rel}","templated":true}]}}