{"id":77,"date":"2022-05-21T08:29:02","date_gmt":"2022-05-21T11:29:02","guid":{"rendered":"http:\/\/redepermacultura.ufsc.br\/acolhida\/?p=77"},"modified":"2026-08-15T20:06:18","modified_gmt":"2026-08-15T23:06:18","slug":"eticas-e-principios-de-planejamento","status":"publish","type":"post","link":"https:\/\/redepermacultura.ufsc.br\/acolhida\/2022\/05\/21\/eticas-e-principios-de-planejamento\/","title":{"rendered":"\u00c9ticas e princ\u00edpios de planejamento"},"content":{"rendered":"<h3>Assista \u00e0 aula<\/h3>\n<p><iframe title=\"\u00c9ticas e princ\u00edpios de planejamento\" src=\"https:\/\/tubedu.org\/videos\/embed\/591ed214-114a-4861-8dfc-8f7822867b29\" width=\"560\" height=\"315\" frameborder=\"0\" sandbox=\"allow-same-origin allow-scripts allow-popups\" allowfullscreen=\"allowfullscreen\"><\/iframe><br \/>\n<a href=\"https:\/\/docs.google.com\/presentation\/d\/e\/2PACX-1vQth3XczDpgSpk0v-tK1nKe10KhNpnjxBvTKsD2xU--2tYFjTCIksvqH4QcAZEY6U3LZkgTOGEqxPmS\/pub?start=false&amp;loop=false&amp;delayms=60000\">Slides da aula<\/a><\/p>\n<h3>Atividade<\/h3>\n<p>Com base na videoaula e se tiveres interesse em aprofundar os conhecimentos com <a href=\"https:\/\/docs.google.com\/document\/d\/e\/2PACX-1vSfr0M3xGZH0hb7d9pQvnIslTgVi_YdPjLCjTA48aRTPOnS89hlm4SPFoXu_K6mK9wx_LwEnPHah68v\/pub\">uma leitura complementar<\/a>, identifique onde e como voc\u00ea aplica atualmente os princ\u00edpios de planejamento em sua Unidade Rural Familiar e comunidade, se for o caso.<\/p>\n","protected":false},"excerpt":{"rendered":"<p>Assista \u00e0 aula Slides da aula Atividade Com base na videoaula e se tiveres interesse em aprofundar os conhecimentos com uma leitura complementar, identifique onde e como voc\u00ea aplica atualmente os princ\u00edpios de planejamento em sua Unidade Rural Familiar e comunidade, se for o caso.<\/p>\n","protected":false},"author":1,"featured_media":0,"comment_status":"closed","ping_status":"closed","sticky":false,"template":"","format":"standard","meta":{"activitypub_content_warning":"","activitypub_content_visibility":"local","activitypub_max_image_attachments":4,"activitypub_interaction_policy_quote":"anyone","activitypub_status":"","footnotes":""},"categories":[10,1],"tags":[],"coauthors":[2],"class_list":["post-77","post","type-post","status-publish","format-standard","hentry","category-aulas","category-sem-categoria"],"_links":{"self":[{"href":"https:\/\/redepermacultura.ufsc.br\/acolhida\/wp-json\/wp\/v2\/posts\/77","targetHints":{"allow":["GET"]}}],"collection":[{"href":"https:\/\/redepermacultura.ufsc.br\/acolhida\/wp-json\/wp\/v2\/posts"}],"about":[{"href":"https:\/\/redepermacultura.ufsc.br\/acolhida\/wp-json\/wp\/v2\/types\/post"}],"author":[{"embeddable":true,"href":"https:\/\/redepermacultura.ufsc.br\/acolhida\/wp-json\/wp\/v2\/users\/1"}],"replies":[{"embeddable":true,"href":"https:\/\/redepermacultura.ufsc.br\/acolhida\/wp-json\/wp\/v2\/comments?post=77"}],"version-history":[{"count":6,"href":"https:\/\/redepermacultura.ufsc.br\/acolhida\/wp-json\/wp\/v2\/posts\/77\/revisions"}],"predecessor-version":[{"id":327,"href":"https:\/\/redepermacultura.ufsc.br\/acolhida\/wp-json\/wp\/v2\/posts\/77\/revisions\/327"}],"wp:attachment":[{"href":"https:\/\/redepermacultura.ufsc.br\/acolhida\/wp-json\/wp\/v2\/media?parent=77"}],"wp:term":[{"taxonomy":"category","embeddable":true,"href":"https:\/\/redepermacultura.ufsc.br\/acolhida\/wp-json\/wp\/v2\/categories?post=77"},{"taxonomy":"post_tag","embeddable":true,"href":"https:\/\/redepermacultura.ufsc.br\/acolhida\/wp-json\/wp\/v2\/tags?post=77"},{"taxonomy":"author","embeddable":true,"href":"https:\/\/redepermacultura.ufsc.br\/acolhida\/wp-json\/wp\/v2\/coauthors?post=77"}],"curies":[{"name":"wp","href":"https:\/\/api.w.org\/{rel}","templated":true}]}}