{"id":77,"date":"2022-05-21T08:29:02","date_gmt":"2022-05-21T11:29:02","guid":{"rendered":"http:\/\/redepermacultura.ufsc.br\/acolhida\/?p=77"},"modified":"2023-08-07T21:43:44","modified_gmt":"2023-08-08T00:43:44","slug":"eticas-e-principios-de-planejamento","status":"publish","type":"post","link":"https:\/\/redepermacultura.ufsc.br\/acolhida\/2022\/05\/21\/eticas-e-principios-de-planejamento\/","title":{"rendered":"\u00c9ticas e princ\u00edpios de planejamento"},"content":{"rendered":"<p><span style=\"color: #ff0000;\"><a style=\"color: #ff0000;\" href=\"https:\/\/tinyurl.com\/cpp-presenca\"><span class=\"style-scope yt-formatted-string\" dir=\"auto\" style=\"font-size: 17px;\">ASSINE AQUI A LISTA DE PRESEN\u00c7A DESSA\u00a0 AULA<\/span><\/a><\/span><\/p>\n<h3>Assista \u00e0 aula<\/h3>\n<p><iframe title=\"\u00c9ticas e princ\u00edpios de planejamento\" width=\"560\" height=\"315\" src=\"https:\/\/tubedu.org\/videos\/embed\/591ed214-114a-4861-8dfc-8f7822867b29\" frameborder=\"0\" allowfullscreen=\"\" sandbox=\"allow-same-origin allow-scripts allow-popups\"><\/iframe><br \/>\n<a href=\"https:\/\/docs.google.com\/presentation\/d\/e\/2PACX-1vQth3XczDpgSpk0v-tK1nKe10KhNpnjxBvTKsD2xU--2tYFjTCIksvqH4QcAZEY6U3LZkgTOGEqxPmS\/pub?start=false&amp;loop=false&amp;delayms=60000\">Slides da aula<\/a><\/p>\n<h3>Acesso a aula ao vivo<\/h3>\n<p><iframe title=\"\u00c9ticas e princ\u00edpios de planejamento - momento s\u00edncrono\" width=\"700\" height=\"525\" src=\"https:\/\/www.youtube.com\/embed\/0CoQOhJJtg8?feature=oembed\" frameborder=\"0\" allow=\"accelerometer; autoplay; clipboard-write; encrypted-media; gyroscope; picture-in-picture\" allowfullscreen><\/iframe><\/p>\n<h3>Atividade para 13 de junho<\/h3>\n<p>Com base na videoaula e se tiveres interesse em aprofundar os conhecimentos com <a href=\"https:\/\/docs.google.com\/document\/d\/e\/2PACX-1vSfr0M3xGZH0hb7d9pQvnIslTgVi_YdPjLCjTA48aRTPOnS89hlm4SPFoXu_K6mK9wx_LwEnPHah68v\/pub\">uma leitura complementar<\/a>, identifique onde e como voc\u00ea aplica atualmente os princ\u00edpios de planejamento em sua Unidade Rural Familiar e comunidade, se for o caso.<\/p>\n<p>Nos conte atrav\u00e9s de \u00e1udio (5 minutos) ou escrita (uma frase para cada princ\u00edpio), o resultado da identifica\u00e7\u00e3o de pr\u00e1tica atual dos princ\u00edpios de planejamento da permacultura em sua realidade.<\/p>\n<p>Envie o texto ou o \u00e1udio para o email@docurso ou para o grupo do @curso.<\/p>\n","protected":false},"excerpt":{"rendered":"<p>ASSINE AQUI A LISTA DE PRESEN\u00c7A DESSA\u00a0 AULA Assista \u00e0 aula Slides da aula Acesso a aula ao vivo Atividade para 13 de junho Com base na videoaula e se tiveres interesse em aprofundar os conhecimentos com uma leitura complementar, identifique onde e como voc\u00ea aplica atualmente os princ\u00edpios de planejamento em sua Unidade Rural&#8230;<\/p>\n","protected":false},"author":1,"featured_media":0,"comment_status":"closed","ping_status":"closed","sticky":false,"template":"","format":"standard","meta":{"activitypub_content_warning":"","activitypub_content_visibility":"","activitypub_max_image_attachments":4,"activitypub_interaction_policy_quote":"anyone","activitypub_status":"","footnotes":""},"categories":[10,1],"tags":[],"coauthors":[2],"class_list":["post-77","post","type-post","status-publish","format-standard","hentry","category-aulas","category-sem-categoria"],"_links":{"self":[{"href":"https:\/\/redepermacultura.ufsc.br\/acolhida\/wp-json\/wp\/v2\/posts\/77","targetHints":{"allow":["GET"]}}],"collection":[{"href":"https:\/\/redepermacultura.ufsc.br\/acolhida\/wp-json\/wp\/v2\/posts"}],"about":[{"href":"https:\/\/redepermacultura.ufsc.br\/acolhida\/wp-json\/wp\/v2\/types\/post"}],"author":[{"embeddable":true,"href":"https:\/\/redepermacultura.ufsc.br\/acolhida\/wp-json\/wp\/v2\/users\/1"}],"replies":[{"embeddable":true,"href":"https:\/\/redepermacultura.ufsc.br\/acolhida\/wp-json\/wp\/v2\/comments?post=77"}],"version-history":[{"count":5,"href":"https:\/\/redepermacultura.ufsc.br\/acolhida\/wp-json\/wp\/v2\/posts\/77\/revisions"}],"predecessor-version":[{"id":293,"href":"https:\/\/redepermacultura.ufsc.br\/acolhida\/wp-json\/wp\/v2\/posts\/77\/revisions\/293"}],"wp:attachment":[{"href":"https:\/\/redepermacultura.ufsc.br\/acolhida\/wp-json\/wp\/v2\/media?parent=77"}],"wp:term":[{"taxonomy":"category","embeddable":true,"href":"https:\/\/redepermacultura.ufsc.br\/acolhida\/wp-json\/wp\/v2\/categories?post=77"},{"taxonomy":"post_tag","embeddable":true,"href":"https:\/\/redepermacultura.ufsc.br\/acolhida\/wp-json\/wp\/v2\/tags?post=77"},{"taxonomy":"author","embeddable":true,"href":"https:\/\/redepermacultura.ufsc.br\/acolhida\/wp-json\/wp\/v2\/coauthors?post=77"}],"curies":[{"name":"wp","href":"https:\/\/api.w.org\/{rel}","templated":true}]}}