{"id":31,"date":"2022-04-23T00:03:55","date_gmt":"2022-04-23T03:03:55","guid":{"rendered":"http:\/\/redepermacultura.ufsc.br\/acolhida\/?p=31"},"modified":"2026-08-15T20:05:10","modified_gmt":"2026-08-15T23:05:10","slug":"introducao-a-permacultura","status":"publish","type":"post","link":"https:\/\/redepermacultura.ufsc.br\/acolhida\/2022\/04\/23\/introducao-a-permacultura\/","title":{"rendered":"Introdu\u00e7\u00e3o \u00e0 permacultura"},"content":{"rendered":"<h3>Assista \u00e0 aula<\/h3>\n<p><iframe title=\"Introdu\u00e7\u00e3o \u00e0 permacultura\" src=\"https:\/\/tubedu.org\/videos\/embed\/91e3db7b-1357-40f2-94f9-c433928626bd\" width=\"560\" height=\"315\" frameborder=\"0\" sandbox=\"allow-same-origin allow-scripts allow-popups\" allowfullscreen=\"allowfullscreen\"><\/iframe><br \/>\n<a href=\"https:\/\/docs.google.com\/presentation\/d\/e\/2PACX-1vRvbHaG-g9vR21yhv9iiaLBo10qihH6q-Jb4l69_Bn_zdSbsAcrWDu_tOicCJt5_BYJE3wk-6YVsXH_\/pub?start=false&amp;loop=false&amp;delayms=60000\">Slides da aula<\/a><\/p>\n<h3><span style=\"font-size: 1.5rem; letter-spacing: -0.01em;\">Atividade<\/span><\/h3>\n<p>Com base no material estudado neste primeiro tema e em sua percep\u00e7\u00e3o, escreva um pequeno texto ou fa\u00e7a um \u00e1udio (at\u00e9 3 minutos) sobre o que voc\u00ea entende por permacultura.<\/p>\n","protected":false},"excerpt":{"rendered":"<p>Assista \u00e0 aula Slides da aula Atividade Com base no material estudado neste primeiro tema e em sua percep\u00e7\u00e3o, escreva um pequeno texto ou fa\u00e7a um \u00e1udio (at\u00e9 3 minutos) sobre o que voc\u00ea entende por permacultura.<\/p>\n","protected":false},"author":1,"featured_media":0,"comment_status":"closed","ping_status":"closed","sticky":false,"template":"","format":"standard","meta":{"activitypub_content_warning":"","activitypub_content_visibility":"local","activitypub_max_image_attachments":4,"activitypub_interaction_policy_quote":"anyone","activitypub_status":"","footnotes":""},"categories":[10,3],"tags":[],"coauthors":[2],"class_list":["post-31","post","type-post","status-publish","format-standard","hentry","category-aulas","category-reconexao-com-a-natureza"],"_links":{"self":[{"href":"https:\/\/redepermacultura.ufsc.br\/acolhida\/wp-json\/wp\/v2\/posts\/31","targetHints":{"allow":["GET"]}}],"collection":[{"href":"https:\/\/redepermacultura.ufsc.br\/acolhida\/wp-json\/wp\/v2\/posts"}],"about":[{"href":"https:\/\/redepermacultura.ufsc.br\/acolhida\/wp-json\/wp\/v2\/types\/post"}],"author":[{"embeddable":true,"href":"https:\/\/redepermacultura.ufsc.br\/acolhida\/wp-json\/wp\/v2\/users\/1"}],"replies":[{"embeddable":true,"href":"https:\/\/redepermacultura.ufsc.br\/acolhida\/wp-json\/wp\/v2\/comments?post=31"}],"version-history":[{"count":12,"href":"https:\/\/redepermacultura.ufsc.br\/acolhida\/wp-json\/wp\/v2\/posts\/31\/revisions"}],"predecessor-version":[{"id":326,"href":"https:\/\/redepermacultura.ufsc.br\/acolhida\/wp-json\/wp\/v2\/posts\/31\/revisions\/326"}],"wp:attachment":[{"href":"https:\/\/redepermacultura.ufsc.br\/acolhida\/wp-json\/wp\/v2\/media?parent=31"}],"wp:term":[{"taxonomy":"category","embeddable":true,"href":"https:\/\/redepermacultura.ufsc.br\/acolhida\/wp-json\/wp\/v2\/categories?post=31"},{"taxonomy":"post_tag","embeddable":true,"href":"https:\/\/redepermacultura.ufsc.br\/acolhida\/wp-json\/wp\/v2\/tags?post=31"},{"taxonomy":"author","embeddable":true,"href":"https:\/\/redepermacultura.ufsc.br\/acolhida\/wp-json\/wp\/v2\/coauthors?post=31"}],"curies":[{"name":"wp","href":"https:\/\/api.w.org\/{rel}","templated":true}]}}