{"id":193,"date":"2022-12-04T17:11:38","date_gmt":"2022-12-04T20:11:38","guid":{"rendered":"https:\/\/redepermacultura.ufsc.br\/acolhida\/?p=193"},"modified":"2026-08-15T21:44:45","modified_gmt":"2026-08-16T00:44:45","slug":"permacultura-e-agroturismo","status":"publish","type":"post","link":"https:\/\/redepermacultura.ufsc.br\/acolhida\/2022\/12\/04\/permacultura-e-agroturismo\/","title":{"rendered":"Permacultura e agroturismo"},"content":{"rendered":"<h3>Assista \u00e0 aula gravada e depois ao document\u00e1rio &#8220;Por que n\u00e3o o para\u00edso?&#8221;<\/h3>\n<p><iframe title=\"Permacultura e agroturismo\" src=\"https:\/\/tubedu.org\/videos\/embed\/4a9fa3f8-1dc8-4e13-ac90-fb89ceb8c40b\" width=\"560\" height=\"315\" frameborder=\"0\" sandbox=\"allow-same-origin allow-scripts allow-popups\" allowfullscreen=\"allowfullscreen\"><\/iframe><\/p>\n<p><iframe title=\"Por que n\u00e3o o para\u00edso? - Document\u00e1rio com Marsha Hanzi\" width=\"700\" height=\"394\" src=\"https:\/\/www.youtube.com\/embed\/gS-EgCmW_Cc?feature=oembed\" frameborder=\"0\" allow=\"accelerometer; autoplay; clipboard-write; encrypted-media; gyroscope; picture-in-picture; web-share\" referrerpolicy=\"strict-origin-when-cross-origin\" allowfullscreen><\/iframe><\/p>\n<p><a href=\"https:\/\/docs.google.com\/presentation\/d\/e\/2PACX-1vRSLyK8ufeNsZ5E-URP28oXf63jN0FUXntNGG4NN5wJUfMiOyLApfiGIjkqcthTPZUGBUMSwc7i8U_S\/pub?start=false&amp;loop=false&amp;delayms=60000\">Slides da aula<\/a><\/p>\n<h3>Atividade<\/h3>\n<p>Agregue ao seu projeto final de planejamento a aplica\u00e7\u00e3o de atividades e atrativos do agroturismo vinculados aos elementos da permacultura em sua Unidade Familiar Rural.<\/p>\n","protected":false},"excerpt":{"rendered":"<p>Assista \u00e0 aula gravada e depois ao document\u00e1rio &#8220;Por que n\u00e3o o para\u00edso?&#8221; Slides da aula Atividade Agregue ao seu projeto final de planejamento a aplica\u00e7\u00e3o de atividades e atrativos do agroturismo vinculados aos elementos da permacultura em sua Unidade Familiar Rural.<\/p>\n","protected":false},"author":1,"featured_media":0,"comment_status":"closed","ping_status":"closed","sticky":false,"template":"","format":"standard","meta":{"activitypub_content_warning":"","activitypub_content_visibility":"local","activitypub_max_image_attachments":4,"activitypub_interaction_policy_quote":"anyone","activitypub_status":"","footnotes":""},"categories":[10,5],"tags":[],"coauthors":[2],"class_list":["post-193","post","type-post","status-publish","format-standard","hentry","category-aulas","category-insercao-do-humano-na-paisagem"],"_links":{"self":[{"href":"https:\/\/redepermacultura.ufsc.br\/acolhida\/wp-json\/wp\/v2\/posts\/193","targetHints":{"allow":["GET"]}}],"collection":[{"href":"https:\/\/redepermacultura.ufsc.br\/acolhida\/wp-json\/wp\/v2\/posts"}],"about":[{"href":"https:\/\/redepermacultura.ufsc.br\/acolhida\/wp-json\/wp\/v2\/types\/post"}],"author":[{"embeddable":true,"href":"https:\/\/redepermacultura.ufsc.br\/acolhida\/wp-json\/wp\/v2\/users\/1"}],"replies":[{"embeddable":true,"href":"https:\/\/redepermacultura.ufsc.br\/acolhida\/wp-json\/wp\/v2\/comments?post=193"}],"version-history":[{"count":8,"href":"https:\/\/redepermacultura.ufsc.br\/acolhida\/wp-json\/wp\/v2\/posts\/193\/revisions"}],"predecessor-version":[{"id":344,"href":"https:\/\/redepermacultura.ufsc.br\/acolhida\/wp-json\/wp\/v2\/posts\/193\/revisions\/344"}],"wp:attachment":[{"href":"https:\/\/redepermacultura.ufsc.br\/acolhida\/wp-json\/wp\/v2\/media?parent=193"}],"wp:term":[{"taxonomy":"category","embeddable":true,"href":"https:\/\/redepermacultura.ufsc.br\/acolhida\/wp-json\/wp\/v2\/categories?post=193"},{"taxonomy":"post_tag","embeddable":true,"href":"https:\/\/redepermacultura.ufsc.br\/acolhida\/wp-json\/wp\/v2\/tags?post=193"},{"taxonomy":"author","embeddable":true,"href":"https:\/\/redepermacultura.ufsc.br\/acolhida\/wp-json\/wp\/v2\/coauthors?post=193"}],"curies":[{"name":"wp","href":"https:\/\/api.w.org\/{rel}","templated":true}]}}